{"id":6558,"date":"2025-10-08T18:07:57","date_gmt":"2025-10-08T16:07:57","guid":{"rendered":"https:\/\/www.profumeriacauli.com\/blog\/?p=6558"},"modified":"2025-10-08T18:10:34","modified_gmt":"2025-10-08T16:10:34","slug":"acido-ialuronico-per-il-viso-a-cosa-serve-e-perche-si-usa","status":"publish","type":"post","link":"https:\/\/www.profumeriacauli.com\/blog\/acido-ialuronico-per-il-viso-a-cosa-serve-e-perche-si-usa\/","title":{"rendered":"Acido ialuronico per il viso: a cosa serve e perch\u00e9 si usa"},"content":{"rendered":"\n<p>L&#8217;<strong>acido ialuronico <\/strong> \u00e8 diventato uno degli ingredienti pi\u00f9 ricercati nel mondo della skincare, e non \u00e8 un caso. Questa molecola, naturalmente presente nella nostra pelle, rappresenta un vero elisir di giovinezza e idratazione. Ma quali sono esattamente i benefici dell&#8217;<strong>acido ialuronico sul viso<\/strong> e come possiamo scegliere i prodotti giusti per una routine di skincare? Vediamolo insieme in questo articolo.<\/p>\n\n\n\n<!--more-->\n\n\n\n<h2 class=\"wp-block-heading\">Che cos&#8217;\u00e8 l&#8217;acido ialuronico e come agisce<\/h2>\n\n\n\n<p>L&#8217;acido ialuronico \u00e8 una sostanza che il nostro corpo produce naturalmente e che si trova in concentrazioni particolarmente elevate nella pelle, nelle articolazioni e negli occhi. La sua caratteristica principale? Una capacit\u00e0 eccezionale di trattenere l&#8217;acqua: ogni molecola pu\u00f2 legare fino a 1000 volte il suo peso in acqua.<\/p>\n\n\n\n<p>Con l&#8217;avanzare dell&#8217;et\u00e0, la produzione naturale di acido ialuronico diminuisce progressivamente, portando a una perdita di idratazione, elasticit\u00e0 e turgore cutaneo. Ecco perch\u00e9 l&#8217;applicazione topica di questo ingrediente \u00e8 diventata un pilastro fondamentale della skincare moderna.<\/p>\n\n\n\n<h3 class=\"wp-block-heading\">L&#8217;effetto dell&#8217;acido ialuronico sul viso: benefici principali<\/h3>\n\n\n\n<p>L&#8217;<strong>effetto dell&#8217;acido ialuronico sul viso<\/strong> \u00e8 immediatamente visibile e si manifesta su diversi livelli:<\/p>\n\n\n\n<p><strong>Idratazione profonda e duratura<\/strong>: penetrando negli strati superficiali della pelle, l&#8217;acido ialuronico crea un vero e proprio serbatoio di idratazione, mantenendo la pelle morbida e luminosa per ore.<\/p>\n\n\n\n<p><strong>Effetto rimpolpante<\/strong>: Grazie alla sua capacit\u00e0 di richiamare acqua, l&#8217;acido ialuronico conferisce un aspetto pi\u00f9 pieno e tonico alla pelle, attenuando visibilmente le rughe sottili e i segni di espressione.<\/p>\n\n\n\n<h3 class=\"wp-block-heading\">Creme all&#8217;acido ialuronico: come scegliere<\/h3>\n\n\n\n<p>Le <strong>creme all&#8217;acido ialuronico<\/strong> si distinguono per il peso molecolare dell&#8217;ingrediente. L&#8217;acido ialuronico ad alto peso molecolare agisce in superficie con un effetto idratante e filmogeno immediato, mentre quello a basso peso molecolare penetra pi\u00f9 in profondit\u00e0, lavorando sugli strati dermici per un&#8217;azione antiage pi\u00f9 marcata. Le formulazioni migliori combinano entrambe le forme per un&#8217;efficacia completa.<\/p>\n\n\n\n<h3 class=\"wp-block-heading\">I nostri prodotti consigliati con acido ialuronico<\/h3>\n\n\n\n<h4 class=\"wp-block-heading\"><a href=\"https:\/\/www.profumeriacauli.com\/3289-crema-24h-sorgente-di-idratazione-insium-50-ml-.html\" target=\"_blank\" rel=\"noreferrer noopener\">Crema 24h Sorgente di Idratazione<\/a><\/h4>\n\n\n\n<p>Il brand italiano di cosmetici vegan INSIUM ha tante proposte per una skin care moderna e efficace, abbiamo parlato della sua mission <a href=\"https:\/\/www.profumeriacauli.com\/brand\/406-insium\" target=\"_blank\" rel=\"noreferrer noopener\">qui<\/a>.<\/p>\n\n\n\n<p>Ma ora vogliamo parlarti della crema sorgente di idratazione che rappresenta l&#8217;essenza dell&#8217;idratazione totale. Arricchita con acido ialuronico multi-peso molecolare, offre una texture setosa che si fonde immediatamente con la pelle senza lasciare residui grassi. <\/p>\n\n\n\n<p>Puoi massaggiare delicatamente su su viso e collo con movimenti circolari mattina e sera e otterrai la base perfetta per il trucco o per un trattamento notturno intensivo.<\/p>\n\n\n\n<p><strong>Ideale per<\/strong> tutti i tipi di pelle, in particolare quelle che cercano un&#8217;idratazione costante e un comfort che dura tutto il giorno.<\/p>\n\n\n<div class=\"wp-block-image\">\n<figure class=\"aligncenter size-full is-resized\"><a href=\"https:\/\/www.profumeriacauli.com\/3289-crema-24h-sorgente-di-idratazione-insium-50-ml-.html \" target=\"_blank\" rel=\" noreferrer noopener\"><img decoding=\"async\" width=\"1080\" height=\"1080\" data-src=\"https:\/\/www.profumeriacauli.com\/blog\/wp-content\/uploads\/2025\/10\/1-3.jpg\" alt=\"Crema 24h Sorgente di Idratazione\" class=\"wp-image-6560 lazyload\" style=\"--smush-placeholder-width: 1080px; --smush-placeholder-aspect-ratio: 1080\/1080;width:318px;height:auto\" src=\"data:image\/svg+xml;base64,PHN2ZyB3aWR0aD0iMSIgaGVpZ2h0PSIxIiB4bWxucz0iaHR0cDovL3d3dy53My5vcmcvMjAwMC9zdmciPjwvc3ZnPg==\" \/><\/a><\/figure>\n<\/div>\n\n\n<h4 class=\"wp-block-heading\"><a href=\"https:\/\/www.profumeriacauli.com\/3277-splendore-istantaneo-insium-15-ml.html\" target=\"_blank\" rel=\"noreferrer noopener\">Splendore Istantaneo Insium<\/a><\/h4>\n\n\n\n<p>Un siero concentrato che dona al viso una luminosit\u00e0 radiosa fin dalla prima applicazione. La sua formula leggera e potente combina acido ialuronico con attivi illuminanti per un effetto glow immediato.<\/p>\n\n\n\n<p>Applica gocce su viso, collo e d\u00e9collet\u00e9 dopo la detersione, prima della crema abituale. Picchiettando delicatamente con i polpastrelli favorisci l&#8217;assorbimento e attivi la microcircolazione.<\/p>\n\n\n\n<p>E&#8217; ideale per pelle spenta, stressata o che necessita di un boost di luminosit\u00e0, particolarmente efficace nei periodi di stanchezza o cambio di stagione.<\/p>\n\n\n<div class=\"wp-block-image\">\n<figure class=\"aligncenter size-full is-resized\"><a href=\"https:\/\/www.profumeriacauli.com\/3277-splendore-istantaneo-insium-15-ml.html\" target=\"_blank\" rel=\" noreferrer noopener\"><img decoding=\"async\" width=\"1080\" height=\"1080\" data-src=\"https:\/\/www.profumeriacauli.com\/blog\/wp-content\/uploads\/2025\/10\/2-3.jpg\" alt=\"Splendore Istantaneo Insium\" class=\"wp-image-6561 lazyload\" style=\"--smush-placeholder-width: 1080px; --smush-placeholder-aspect-ratio: 1080\/1080;width:264px;height:auto\" src=\"data:image\/svg+xml;base64,PHN2ZyB3aWR0aD0iMSIgaGVpZ2h0PSIxIiB4bWxucz0iaHR0cDovL3d3dy53My5vcmcvMjAwMC9zdmciPjwvc3ZnPg==\" \/><\/a><\/figure>\n<\/div>\n\n\n<h4 class=\"wp-block-heading\"><a href=\"https:\/\/www.profumeriacauli.com\/3224-replenishing-face-serum-malin-goetz-30-ml.html\" target=\"_blank\" rel=\"noreferrer noopener\">Replenishing Face Serum Malin+Goetz<\/a><\/h4>\n\n\n\n<p>Un siero minimalista ed efficace che incarna la filosofia del brand newyorkese: ingredienti di qualit\u00e0, formulazioni pulite, risultati visibili, ne abbiamo parlato proprio <a href=\"https:\/\/www.profumeriacauli.com\/brand\/404-malingoetz\" target=\"_blank\" rel=\"noreferrer noopener\">qui<\/a>.<\/p>\n\n\n\n<p>Questo siero combina acido ialuronico con estratti botanici lenitivi per un&#8217;azione idratante e calmante.<\/p>\n\n\n\n<p>Ti baster\u00e0 applicare 2-3 gocce sulla pelle pulita e leggermente umida, mattina e sera e la texture acquosa si assorbir\u00e0 istantaneamente, lasciando la pelle setosa e pronta per i trattamenti successivi.<\/p>\n\n\n\n<p>E&#8217; l&#8217;ideale per pelli sensibili, reattive o per chi preferisce texture leggere che non appesantiscono. Eccellente anche per pelli miste che temono l&#8217;effetto lucido.<\/p>\n\n\n<div class=\"wp-block-image\">\n<figure class=\"aligncenter size-full is-resized\"><a href=\"https:\/\/www.profumeriacauli.com\/3224-replenishing-face-serum-malin-goetz-30-ml.html\" target=\"_blank\" rel=\" noreferrer noopener\"><img decoding=\"async\" width=\"1080\" height=\"1080\" data-src=\"https:\/\/www.profumeriacauli.com\/blog\/wp-content\/uploads\/2025\/10\/3-2.jpg\" alt=\"Replenishing Face Serum Malin+Goetz\" class=\"wp-image-6562 lazyload\" style=\"--smush-placeholder-width: 1080px; --smush-placeholder-aspect-ratio: 1080\/1080;width:322px;height:auto\" src=\"data:image\/svg+xml;base64,PHN2ZyB3aWR0aD0iMSIgaGVpZ2h0PSIxIiB4bWxucz0iaHR0cDovL3d3dy53My5vcmcvMjAwMC9zdmciPjwvc3ZnPg==\" \/><\/a><\/figure>\n<\/div>\n\n\n<h3 class=\"wp-block-heading\">I nostri consigli per una routine completa all&#8217;acido ialuronico<\/h3>\n\n\n\n<p>Abbiamo pensato di combinare i tre prodotti in una routine completa per chi desidera massimizzare i benefici dell&#8217;acido ialuronico. Se vuoi altri consigli su una beauty routine facile e efficace la trovi in <a href=\"https:\/\/www.profumeriacauli.com\/blog\/beauty-routine-viso-ecco-di-cosa-non-puoi-fare-a-meno\" target=\"_blank\" rel=\"noreferrer noopener\">questo articolo<\/a>.<\/p>\n\n\n\n<p> Scopri la nostra skincare routine all&#8217;acido ialuronico<\/p>\n\n\n\n<h4 class=\"wp-block-heading\">Routine Mattutina<\/h4>\n\n\n\n<ol class=\"wp-block-list\">\n<li>Detersione delicata del viso<\/li>\n\n\n\n<li><strong>Replenishing Face Serum Malin+Goetz<\/strong>: applicare su pelle ancora leggermente umida per potenziare l&#8217;assorbimento<\/li>\n\n\n\n<li><strong>Splendore Istantaneo Insium<\/strong>: per un boost di luminosit\u00e0 che prepara la pelle al trucco<\/li>\n\n\n\n<li><strong>Crema 24h Sorgente di Idratazione<\/strong>: per sigillare l&#8217;idratazione e proteggere la pelle durante la giornata<\/li>\n\n\n\n<li>Protezione solare (fondamentale!)<\/li>\n<\/ol>\n\n\n\n<h4 class=\"wp-block-heading\">Routine Serale<\/h4>\n\n\n\n<ol class=\"wp-block-list\">\n<li>Doppia detersione (oleosa + schiumosa)<\/li>\n\n\n\n<li><strong>Replenishing Face Serum Malin+Goetz<\/strong>: per preparare la pelle alla rigenerazione notturna<\/li>\n\n\n\n<li><strong>Crema 24h Sorgente di Idratazione<\/strong>: applicare in strato pi\u00f9 generoso per un effetto notte intensivo<\/li>\n<\/ol>\n\n\n\n<h4 class=\"wp-block-heading\">Il tuo alleato di bellezza <\/h4>\n\n\n\n<p>L&#8217;<strong>acido ialuronico sul viso<\/strong> non \u00e8 solo una tendenza passeggera, ma un alleato scientificamente provato per mantenere la pelle idratata, luminosa e giovane. Che tu scelga un singolo prodotto o decida di costruire una routine completa, l&#8217;importante \u00e8 la costanza: i risultati migliori si vedono con un&#8217;applicazione regolare nel tempo.<\/p>\n\n\n\n<p>Nella nostra profumeria artistica troverai questi e altri prodotti selezionati con cura, per prenderti cura della tua pelle con la qualit\u00e0 che meriti. Vieni a scoprirli e lasciati consigliare dal nostro team per trovare la combinazione perfetta per le tue esigenze.<\/p>\n<!-- AddThis Advanced Settings generic via filter on the_content --><!-- AddThis Share Buttons generic via filter on the_content -->","protected":false},"excerpt":{"rendered":"<p>L&#8217;acido ialuronico \u00e8 diventato uno degli ingredienti pi\u00f9 ricercati nel mondo della skincare, e non \u00e8 un caso. Questa molecola, naturalmente presente nella nostra pelle, rappresenta un vero elisir di giovinezza e idratazione. Ma quali sono esattamente i benefici dell&#8217;acido ialuronico sul viso e come possiamo scegliere i prodotti giusti per una routine di skincare? [&hellip;]<!-- AddThis Advanced Settings generic via filter on get_the_excerpt --><!-- AddThis Share Buttons generic via filter on get_the_excerpt --><\/p>\n","protected":false},"author":4,"featured_media":6559,"comment_status":"open","ping_status":"open","sticky":false,"template":"","format":"standard","meta":{"_exactmetrics_skip_tracking":false,"_exactmetrics_sitenote_active":false,"_exactmetrics_sitenote_note":"","_exactmetrics_sitenote_category":0,"footnotes":""},"categories":[2],"tags":[],"class_list":["post-6558","post","type-post","status-publish","format-standard","has-post-thumbnail","hentry","category-cosmetica-lusso"],"yoast_head":"<!-- This site is optimized with the Yoast SEO plugin v27.4 - https:\/\/yoast.com\/product\/yoast-seo-wordpress\/ -->\n<title>Acido ialuronico per il viso: a cosa serve e perch\u00e9 si usa - Profumeria Cauli<\/title>\n<meta name=\"description\" content=\"L&#039;acido ialuronico \u00e8 diventato uno degli ingredienti pi\u00f9 ricercati nel mondo della skincare. Vediamo a cosa serve e come si usa.\" \/>\n<meta name=\"robots\" content=\"index, follow, max-snippet:-1, max-image-preview:large, max-video-preview:-1\" \/>\n<link rel=\"canonical\" href=\"https:\/\/www.profumeriacauli.com\/blog\/acido-ialuronico-per-il-viso-a-cosa-serve-e-perche-si-usa\/\" \/>\n<meta property=\"og:locale\" content=\"it_IT\" \/>\n<meta property=\"og:type\" content=\"article\" \/>\n<meta property=\"og:title\" content=\"Acido ialuronico per il viso: a cosa serve e perch\u00e9 si usa - Profumeria Cauli\" \/>\n<meta property=\"og:description\" content=\"L&#039;acido ialuronico \u00e8 diventato uno degli ingredienti pi\u00f9 ricercati nel mondo della skincare. Vediamo a cosa serve e come si usa.\" \/>\n<meta property=\"og:url\" content=\"https:\/\/www.profumeriacauli.com\/blog\/acido-ialuronico-per-il-viso-a-cosa-serve-e-perche-si-usa\/\" \/>\n<meta property=\"og:site_name\" content=\"Profumeria Cauli\" \/>\n<meta property=\"article:published_time\" content=\"2025-10-08T16:07:57+00:00\" \/>\n<meta property=\"article:modified_time\" content=\"2025-10-08T16:10:34+00:00\" \/>\n<meta property=\"og:image\" content=\"https:\/\/www.profumeriacauli.com\/blog\/wp-content\/uploads\/2025\/10\/Progetto-senza-titolo-50.jpg\" \/>\n\t<meta property=\"og:image:width\" content=\"1748\" \/>\n\t<meta property=\"og:image:height\" content=\"1240\" \/>\n\t<meta property=\"og:image:type\" content=\"image\/jpeg\" \/>\n<meta name=\"author\" content=\"Profumeria Cauli\" \/>\n<meta name=\"twitter:card\" content=\"summary_large_image\" \/>\n<meta name=\"twitter:label1\" content=\"Scritto da\" \/>\n\t<meta name=\"twitter:data1\" content=\"Profumeria Cauli\" \/>\n\t<meta name=\"twitter:label2\" content=\"Tempo di lettura stimato\" \/>\n\t<meta name=\"twitter:data2\" content=\"6 minuti\" \/>\n<script type=\"application\/ld+json\" class=\"yoast-schema-graph\">{\"@context\":\"https:\\\/\\\/schema.org\",\"@graph\":[{\"@type\":\"Article\",\"@id\":\"https:\\\/\\\/www.profumeriacauli.com\\\/blog\\\/acido-ialuronico-per-il-viso-a-cosa-serve-e-perche-si-usa\\\/#article\",\"isPartOf\":{\"@id\":\"https:\\\/\\\/www.profumeriacauli.com\\\/blog\\\/acido-ialuronico-per-il-viso-a-cosa-serve-e-perche-si-usa\\\/\"},\"author\":{\"name\":\"Profumeria Cauli\",\"@id\":\"https:\\\/\\\/www.profumeriacauli.com\\\/blog\\\/#\\\/schema\\\/person\\\/3c06cf8107f54bb450ba5414f9221cb8\"},\"headline\":\"Acido ialuronico per il viso: a cosa serve e perch\u00e9 si usa\",\"datePublished\":\"2025-10-08T16:07:57+00:00\",\"dateModified\":\"2025-10-08T16:10:34+00:00\",\"mainEntityOfPage\":{\"@id\":\"https:\\\/\\\/www.profumeriacauli.com\\\/blog\\\/acido-ialuronico-per-il-viso-a-cosa-serve-e-perche-si-usa\\\/\"},\"wordCount\":865,\"commentCount\":0,\"image\":{\"@id\":\"https:\\\/\\\/www.profumeriacauli.com\\\/blog\\\/acido-ialuronico-per-il-viso-a-cosa-serve-e-perche-si-usa\\\/#primaryimage\"},\"thumbnailUrl\":\"https:\\\/\\\/www.profumeriacauli.com\\\/blog\\\/wp-content\\\/uploads\\\/2025\\\/10\\\/Progetto-senza-titolo-50.jpg\",\"articleSection\":[\"Cosmetica di lusso\"],\"inLanguage\":\"it-IT\",\"potentialAction\":[{\"@type\":\"CommentAction\",\"name\":\"Comment\",\"target\":[\"https:\\\/\\\/www.profumeriacauli.com\\\/blog\\\/acido-ialuronico-per-il-viso-a-cosa-serve-e-perche-si-usa\\\/#respond\"]}]},{\"@type\":\"WebPage\",\"@id\":\"https:\\\/\\\/www.profumeriacauli.com\\\/blog\\\/acido-ialuronico-per-il-viso-a-cosa-serve-e-perche-si-usa\\\/\",\"url\":\"https:\\\/\\\/www.profumeriacauli.com\\\/blog\\\/acido-ialuronico-per-il-viso-a-cosa-serve-e-perche-si-usa\\\/\",\"name\":\"Acido ialuronico per il viso: a cosa serve e perch\u00e9 si usa - Profumeria Cauli\",\"isPartOf\":{\"@id\":\"https:\\\/\\\/www.profumeriacauli.com\\\/blog\\\/#website\"},\"primaryImageOfPage\":{\"@id\":\"https:\\\/\\\/www.profumeriacauli.com\\\/blog\\\/acido-ialuronico-per-il-viso-a-cosa-serve-e-perche-si-usa\\\/#primaryimage\"},\"image\":{\"@id\":\"https:\\\/\\\/www.profumeriacauli.com\\\/blog\\\/acido-ialuronico-per-il-viso-a-cosa-serve-e-perche-si-usa\\\/#primaryimage\"},\"thumbnailUrl\":\"https:\\\/\\\/www.profumeriacauli.com\\\/blog\\\/wp-content\\\/uploads\\\/2025\\\/10\\\/Progetto-senza-titolo-50.jpg\",\"datePublished\":\"2025-10-08T16:07:57+00:00\",\"dateModified\":\"2025-10-08T16:10:34+00:00\",\"author\":{\"@id\":\"https:\\\/\\\/www.profumeriacauli.com\\\/blog\\\/#\\\/schema\\\/person\\\/3c06cf8107f54bb450ba5414f9221cb8\"},\"description\":\"L'acido ialuronico \u00e8 diventato uno degli ingredienti pi\u00f9 ricercati nel mondo della skincare. Vediamo a cosa serve e come si usa.\",\"breadcrumb\":{\"@id\":\"https:\\\/\\\/www.profumeriacauli.com\\\/blog\\\/acido-ialuronico-per-il-viso-a-cosa-serve-e-perche-si-usa\\\/#breadcrumb\"},\"inLanguage\":\"it-IT\",\"potentialAction\":[{\"@type\":\"ReadAction\",\"target\":[\"https:\\\/\\\/www.profumeriacauli.com\\\/blog\\\/acido-ialuronico-per-il-viso-a-cosa-serve-e-perche-si-usa\\\/\"]}]},{\"@type\":\"ImageObject\",\"inLanguage\":\"it-IT\",\"@id\":\"https:\\\/\\\/www.profumeriacauli.com\\\/blog\\\/acido-ialuronico-per-il-viso-a-cosa-serve-e-perche-si-usa\\\/#primaryimage\",\"url\":\"https:\\\/\\\/www.profumeriacauli.com\\\/blog\\\/wp-content\\\/uploads\\\/2025\\\/10\\\/Progetto-senza-titolo-50.jpg\",\"contentUrl\":\"https:\\\/\\\/www.profumeriacauli.com\\\/blog\\\/wp-content\\\/uploads\\\/2025\\\/10\\\/Progetto-senza-titolo-50.jpg\",\"width\":1748,\"height\":1240,\"caption\":\"Acido ialuronico per il viso: a cosa serve e perch\u00e9 si usa\"},{\"@type\":\"BreadcrumbList\",\"@id\":\"https:\\\/\\\/www.profumeriacauli.com\\\/blog\\\/acido-ialuronico-per-il-viso-a-cosa-serve-e-perche-si-usa\\\/#breadcrumb\",\"itemListElement\":[{\"@type\":\"ListItem\",\"position\":1,\"name\":\"Home\",\"item\":\"https:\\\/\\\/www.profumeriacauli.com\\\/blog\\\/\"},{\"@type\":\"ListItem\",\"position\":2,\"name\":\"Acido ialuronico per il viso: a cosa serve e perch\u00e9 si usa\"}]},{\"@type\":\"WebSite\",\"@id\":\"https:\\\/\\\/www.profumeriacauli.com\\\/blog\\\/#website\",\"url\":\"https:\\\/\\\/www.profumeriacauli.com\\\/blog\\\/\",\"name\":\"Profumeria Cauli\",\"description\":\"Blog su profumi di nicchia e profumeria di lusso\",\"potentialAction\":[{\"@type\":\"SearchAction\",\"target\":{\"@type\":\"EntryPoint\",\"urlTemplate\":\"https:\\\/\\\/www.profumeriacauli.com\\\/blog\\\/?s={search_term_string}\"},\"query-input\":{\"@type\":\"PropertyValueSpecification\",\"valueRequired\":true,\"valueName\":\"search_term_string\"}}],\"inLanguage\":\"it-IT\"},{\"@type\":\"Person\",\"@id\":\"https:\\\/\\\/www.profumeriacauli.com\\\/blog\\\/#\\\/schema\\\/person\\\/3c06cf8107f54bb450ba5414f9221cb8\",\"name\":\"Profumeria Cauli\",\"image\":{\"@type\":\"ImageObject\",\"inLanguage\":\"it-IT\",\"@id\":\"https:\\\/\\\/secure.gravatar.com\\\/avatar\\\/ffba339d2ed0c9f057bcd11bcbaf7c6aac4c267e20e792b0f219a4a9d7c59caa?s=96&d=mm&r=g\",\"url\":\"https:\\\/\\\/secure.gravatar.com\\\/avatar\\\/ffba339d2ed0c9f057bcd11bcbaf7c6aac4c267e20e792b0f219a4a9d7c59caa?s=96&d=mm&r=g\",\"contentUrl\":\"https:\\\/\\\/secure.gravatar.com\\\/avatar\\\/ffba339d2ed0c9f057bcd11bcbaf7c6aac4c267e20e792b0f219a4a9d7c59caa?s=96&d=mm&r=g\",\"caption\":\"Profumeria Cauli\"},\"url\":\"https:\\\/\\\/www.profumeriacauli.com\\\/blog\\\/author\\\/profumeriacauli\\\/\"}]}<\/script>\n<!-- \/ Yoast SEO plugin. -->","yoast_head_json":{"title":"Acido ialuronico per il viso: a cosa serve e perch\u00e9 si usa - Profumeria Cauli","description":"L'acido ialuronico \u00e8 diventato uno degli ingredienti pi\u00f9 ricercati nel mondo della skincare. Vediamo a cosa serve e come si usa.","robots":{"index":"index","follow":"follow","max-snippet":"max-snippet:-1","max-image-preview":"max-image-preview:large","max-video-preview":"max-video-preview:-1"},"canonical":"https:\/\/www.profumeriacauli.com\/blog\/acido-ialuronico-per-il-viso-a-cosa-serve-e-perche-si-usa\/","og_locale":"it_IT","og_type":"article","og_title":"Acido ialuronico per il viso: a cosa serve e perch\u00e9 si usa - Profumeria Cauli","og_description":"L'acido ialuronico \u00e8 diventato uno degli ingredienti pi\u00f9 ricercati nel mondo della skincare. Vediamo a cosa serve e come si usa.","og_url":"https:\/\/www.profumeriacauli.com\/blog\/acido-ialuronico-per-il-viso-a-cosa-serve-e-perche-si-usa\/","og_site_name":"Profumeria Cauli","article_published_time":"2025-10-08T16:07:57+00:00","article_modified_time":"2025-10-08T16:10:34+00:00","og_image":[{"width":1748,"height":1240,"url":"https:\/\/www.profumeriacauli.com\/blog\/wp-content\/uploads\/2025\/10\/Progetto-senza-titolo-50.jpg","type":"image\/jpeg"}],"author":"Profumeria Cauli","twitter_card":"summary_large_image","twitter_misc":{"Scritto da":"Profumeria Cauli","Tempo di lettura stimato":"6 minuti"},"schema":{"@context":"https:\/\/schema.org","@graph":[{"@type":"Article","@id":"https:\/\/www.profumeriacauli.com\/blog\/acido-ialuronico-per-il-viso-a-cosa-serve-e-perche-si-usa\/#article","isPartOf":{"@id":"https:\/\/www.profumeriacauli.com\/blog\/acido-ialuronico-per-il-viso-a-cosa-serve-e-perche-si-usa\/"},"author":{"name":"Profumeria Cauli","@id":"https:\/\/www.profumeriacauli.com\/blog\/#\/schema\/person\/3c06cf8107f54bb450ba5414f9221cb8"},"headline":"Acido ialuronico per il viso: a cosa serve e perch\u00e9 si usa","datePublished":"2025-10-08T16:07:57+00:00","dateModified":"2025-10-08T16:10:34+00:00","mainEntityOfPage":{"@id":"https:\/\/www.profumeriacauli.com\/blog\/acido-ialuronico-per-il-viso-a-cosa-serve-e-perche-si-usa\/"},"wordCount":865,"commentCount":0,"image":{"@id":"https:\/\/www.profumeriacauli.com\/blog\/acido-ialuronico-per-il-viso-a-cosa-serve-e-perche-si-usa\/#primaryimage"},"thumbnailUrl":"https:\/\/www.profumeriacauli.com\/blog\/wp-content\/uploads\/2025\/10\/Progetto-senza-titolo-50.jpg","articleSection":["Cosmetica di lusso"],"inLanguage":"it-IT","potentialAction":[{"@type":"CommentAction","name":"Comment","target":["https:\/\/www.profumeriacauli.com\/blog\/acido-ialuronico-per-il-viso-a-cosa-serve-e-perche-si-usa\/#respond"]}]},{"@type":"WebPage","@id":"https:\/\/www.profumeriacauli.com\/blog\/acido-ialuronico-per-il-viso-a-cosa-serve-e-perche-si-usa\/","url":"https:\/\/www.profumeriacauli.com\/blog\/acido-ialuronico-per-il-viso-a-cosa-serve-e-perche-si-usa\/","name":"Acido ialuronico per il viso: a cosa serve e perch\u00e9 si usa - Profumeria Cauli","isPartOf":{"@id":"https:\/\/www.profumeriacauli.com\/blog\/#website"},"primaryImageOfPage":{"@id":"https:\/\/www.profumeriacauli.com\/blog\/acido-ialuronico-per-il-viso-a-cosa-serve-e-perche-si-usa\/#primaryimage"},"image":{"@id":"https:\/\/www.profumeriacauli.com\/blog\/acido-ialuronico-per-il-viso-a-cosa-serve-e-perche-si-usa\/#primaryimage"},"thumbnailUrl":"https:\/\/www.profumeriacauli.com\/blog\/wp-content\/uploads\/2025\/10\/Progetto-senza-titolo-50.jpg","datePublished":"2025-10-08T16:07:57+00:00","dateModified":"2025-10-08T16:10:34+00:00","author":{"@id":"https:\/\/www.profumeriacauli.com\/blog\/#\/schema\/person\/3c06cf8107f54bb450ba5414f9221cb8"},"description":"L'acido ialuronico \u00e8 diventato uno degli ingredienti pi\u00f9 ricercati nel mondo della skincare. Vediamo a cosa serve e come si usa.","breadcrumb":{"@id":"https:\/\/www.profumeriacauli.com\/blog\/acido-ialuronico-per-il-viso-a-cosa-serve-e-perche-si-usa\/#breadcrumb"},"inLanguage":"it-IT","potentialAction":[{"@type":"ReadAction","target":["https:\/\/www.profumeriacauli.com\/blog\/acido-ialuronico-per-il-viso-a-cosa-serve-e-perche-si-usa\/"]}]},{"@type":"ImageObject","inLanguage":"it-IT","@id":"https:\/\/www.profumeriacauli.com\/blog\/acido-ialuronico-per-il-viso-a-cosa-serve-e-perche-si-usa\/#primaryimage","url":"https:\/\/www.profumeriacauli.com\/blog\/wp-content\/uploads\/2025\/10\/Progetto-senza-titolo-50.jpg","contentUrl":"https:\/\/www.profumeriacauli.com\/blog\/wp-content\/uploads\/2025\/10\/Progetto-senza-titolo-50.jpg","width":1748,"height":1240,"caption":"Acido ialuronico per il viso: a cosa serve e perch\u00e9 si usa"},{"@type":"BreadcrumbList","@id":"https:\/\/www.profumeriacauli.com\/blog\/acido-ialuronico-per-il-viso-a-cosa-serve-e-perche-si-usa\/#breadcrumb","itemListElement":[{"@type":"ListItem","position":1,"name":"Home","item":"https:\/\/www.profumeriacauli.com\/blog\/"},{"@type":"ListItem","position":2,"name":"Acido ialuronico per il viso: a cosa serve e perch\u00e9 si usa"}]},{"@type":"WebSite","@id":"https:\/\/www.profumeriacauli.com\/blog\/#website","url":"https:\/\/www.profumeriacauli.com\/blog\/","name":"Profumeria Cauli","description":"Blog su profumi di nicchia e profumeria di lusso","potentialAction":[{"@type":"SearchAction","target":{"@type":"EntryPoint","urlTemplate":"https:\/\/www.profumeriacauli.com\/blog\/?s={search_term_string}"},"query-input":{"@type":"PropertyValueSpecification","valueRequired":true,"valueName":"search_term_string"}}],"inLanguage":"it-IT"},{"@type":"Person","@id":"https:\/\/www.profumeriacauli.com\/blog\/#\/schema\/person\/3c06cf8107f54bb450ba5414f9221cb8","name":"Profumeria Cauli","image":{"@type":"ImageObject","inLanguage":"it-IT","@id":"https:\/\/secure.gravatar.com\/avatar\/ffba339d2ed0c9f057bcd11bcbaf7c6aac4c267e20e792b0f219a4a9d7c59caa?s=96&d=mm&r=g","url":"https:\/\/secure.gravatar.com\/avatar\/ffba339d2ed0c9f057bcd11bcbaf7c6aac4c267e20e792b0f219a4a9d7c59caa?s=96&d=mm&r=g","contentUrl":"https:\/\/secure.gravatar.com\/avatar\/ffba339d2ed0c9f057bcd11bcbaf7c6aac4c267e20e792b0f219a4a9d7c59caa?s=96&d=mm&r=g","caption":"Profumeria Cauli"},"url":"https:\/\/www.profumeriacauli.com\/blog\/author\/profumeriacauli\/"}]}},"_links":{"self":[{"href":"https:\/\/www.profumeriacauli.com\/blog\/wp-json\/wp\/v2\/posts\/6558","targetHints":{"allow":["GET"]}}],"collection":[{"href":"https:\/\/www.profumeriacauli.com\/blog\/wp-json\/wp\/v2\/posts"}],"about":[{"href":"https:\/\/www.profumeriacauli.com\/blog\/wp-json\/wp\/v2\/types\/post"}],"author":[{"embeddable":true,"href":"https:\/\/www.profumeriacauli.com\/blog\/wp-json\/wp\/v2\/users\/4"}],"replies":[{"embeddable":true,"href":"https:\/\/www.profumeriacauli.com\/blog\/wp-json\/wp\/v2\/comments?post=6558"}],"version-history":[{"count":6,"href":"https:\/\/www.profumeriacauli.com\/blog\/wp-json\/wp\/v2\/posts\/6558\/revisions"}],"predecessor-version":[{"id":6579,"href":"https:\/\/www.profumeriacauli.com\/blog\/wp-json\/wp\/v2\/posts\/6558\/revisions\/6579"}],"wp:featuredmedia":[{"embeddable":true,"href":"https:\/\/www.profumeriacauli.com\/blog\/wp-json\/wp\/v2\/media\/6559"}],"wp:attachment":[{"href":"https:\/\/www.profumeriacauli.com\/blog\/wp-json\/wp\/v2\/media?parent=6558"}],"wp:term":[{"taxonomy":"category","embeddable":true,"href":"https:\/\/www.profumeriacauli.com\/blog\/wp-json\/wp\/v2\/categories?post=6558"},{"taxonomy":"post_tag","embeddable":true,"href":"https:\/\/www.profumeriacauli.com\/blog\/wp-json\/wp\/v2\/tags?post=6558"}],"curies":[{"name":"wp","href":"https:\/\/api.w.org\/{rel}","templated":true}]}}