{"id":6427,"date":"2025-07-04T18:20:52","date_gmt":"2025-07-04T16:20:52","guid":{"rendered":"https:\/\/www.profumeriacauli.com\/blog\/?p=6427"},"modified":"2025-07-04T18:21:58","modified_gmt":"2025-07-04T16:21:58","slug":"quali-sono-i-profumi-da-uomo-estivi-del-2025","status":"publish","type":"post","link":"https:\/\/www.profumeriacauli.com\/blog\/quali-sono-i-profumi-da-uomo-estivi-del-2025\/","title":{"rendered":"Quali sono i profumi da uomo estivi del 2025?"},"content":{"rendered":"\n<p>L&#8217;<strong>estate 2025 <\/strong>si annuncia come una stagione olfattiva straordinaria per l&#8217;universo maschile, con<strong> fragranze<\/strong> che da un lato riconfermano i canoni della profumeria tradizionale estiva e dall&#8217;altro fa respirare aria nuova. Tra novit\u00e0 assolute e reinterpretazioni contemporanee, il <a href=\"https:\/\/www.profumeriacauli.com\/367-profumo-uomo\" target=\"_blank\" rel=\"noreferrer noopener\">profumo da uomo<\/a> estivo di quest&#8217;anno si caratterizza per composizioni sempre pi\u00f9 sofisticate e versatili.<\/p>\n\n\n\n<p>Il mondo delle <strong>novit\u00e0<\/strong> <strong><a href=\"https:\/\/www.profumeriacauli.com\/390-eau-de-toilette-uomo\" target=\"_blank\" rel=\"noreferrer noopener\">profumi uomo<\/a><\/strong> per il 2025 presenta una tendenza chiara: l&#8217;equilibrio perfetto tra freschezza e profondit\u00e0, tra note leggere e accordi persistenti che accompagnano l&#8217;uomo moderno nelle sue giornate pi\u00f9 calde.<\/p>\n\n\n\n<h2 class=\"wp-block-heading\">Le tendenze del profumo uomo estate 2025<\/h2>\n\n\n\n<p>Quest&#8217;anno le fragranze maschili spaziano tra noti designer indipendenti e proposte artistiche, con una particolare attenzione verso composizioni che sanno essere intense ma al tempo stesso fresche. La stagione calda richiede profumi che possano adattarsi alle diverse situazioni, dal business casual alle serate estive pi\u00f9 raffinate, ma <a href=\"https:\/\/www.profumeriacauli.com\/390-eau-de-toilette-uomo\" target=\"_blank\" rel=\"noreferrer noopener\">sempre con un tocco di note frizzanti.<\/a><\/p>\n\n\n\n<h3 class=\"wp-block-heading\">I protagonisti indiscussi dell&#8217;estate 2025<\/h3>\n\n\n\n<h4 class=\"wp-block-heading\">2\u00b0 Nota di Viaggio (Shukran) &#8211; Meo Fusciuni<\/h4>\n\n\n\n<p>Giuseppe Imprezzabile, il genio creativo dietro Meo Fusciuni, regala con Shukran un viaggio olfattivo che evocasentori del Marocco e la condivisione. Questa fragranza si apre con una intensa e chiara nota di the verde alla menta, evolve su un cuore di incenso, per concludersi con una base di legni caldi e fumosi, per regalare la netta sensazine di trovarsi in un salotto marocchino all&#8217;ora del th\u00e9.<\/p>\n\n\n\n<p><strong>Personalit\u00e0 maschile<\/strong>: Pensato per l&#8217;uomo viaggiatore, che ama vivere le storie attraverso il profumo.<\/p>\n\n\n\n<h4 class=\"wp-block-heading\">Kerylos &#8211; L&#8217;Objet<\/h4>\n\n\n\n<p>Ispirato alla villa greca di Kerylos in Costa Azzurra, questo profumo cattura l&#8217;essenza del Mediterraneo pi\u00f9 esclusivo. Le note di testa sposano l&#8217;aspro dello yuzu alla dolcezza del mandarino, il cuore si sviluppa su rosmarino selvaggio e lavanda provenzale, verdi e resinose per evolvere in una base di legni e muschio marino.<\/p>\n\n\n\n<p><strong>Personalit\u00e0 maschile<\/strong>: Dedicato all&#8217;uomo raffinato che apprezza il lusso discreto. Perfetto per chi vive l&#8217;estate come una continua scoperta di bellezza, tra cultura e natura.<\/p>\n\n\n<div class=\"wp-block-image\">\n<figure class=\"aligncenter size-full is-resized\"><img decoding=\"async\" width=\"1080\" height=\"1080\" data-src=\"https:\/\/www.profumeriacauli.com\/blog\/wp-content\/uploads\/2025\/06\/ACQUISTA-ORA-83.jpg\" alt=\"2\u00b0 Nota di Viaggio (Shukran) - Meo Fusciuni\" class=\"wp-image-6430 lazyload\" style=\"--smush-placeholder-width: 1080px; --smush-placeholder-aspect-ratio: 1080\/1080;width:280px;height:auto\" src=\"data:image\/svg+xml;base64,PHN2ZyB3aWR0aD0iMSIgaGVpZ2h0PSIxIiB4bWxucz0iaHR0cDovL3d3dy53My5vcmcvMjAwMC9zdmciPjwvc3ZnPg==\" \/><\/figure>\n<\/div>\n\n\n<h4 class=\"wp-block-heading\">40 Knots &#8211; Xerjoff<\/h4>\n\n\n\n<p>Una fragranza che nel nome evoca tutta la sua forza e carattere: 40 nodi per entrare nell&#8217;esclusivo club dello yacht di Xerjoff. Un concentrato di vita marinara,  con i raggi scintillanti del sole e il gusto di libert\u00e0 che deriva dalle acque aperte. <\/p>\n\n\n\n<p>40 Knots si distingue per le sue note marine di apertura, bilanciate da un cuore di resine e legni che ricordano la maccha mediterranea, come cisto, labdano e guaiaco. Un tocco fiorito di gelsomino ci accompagna su una base legnosa di cedro atlantico e ambra salina.<\/p>\n\n\n\n<p><strong>Personalit\u00e0 maschile<\/strong>: una fragranza per chi non teme l&#8217;avventura e vive l&#8217;estate con spirito libero e dinamico. Un vero lupo di mare.<\/p>\n\n\n\n<h4 class=\"wp-block-heading\">Cologne Ind\u00e9l\u00e9bile &#8211; Fr\u00e9d\u00e9ric Malle<\/h4>\n\n\n\n<p>Creata dal maestro profumiere Dominique Ropion, questa cologne reinventa il concetto di freschezza maschile. Note di neroli tunisino e arancia amara si intrecciano con un cuore di lavanda inglese e rosmarino, sostenute da una base moderna di legno di cedro e muschio bianco. Una reinterpretazione della classica colonia, uno stile intramontabile da uomini d&#8217;altri tempi ma rivisitata in chiave attuale. <\/p>\n\n\n\n<p><strong>Personalit\u00e0 maschile<\/strong>: L&#8217;uomo contemporaneo che cerca l&#8217;eleganza e il fascino dei profumi del passato. Perfetto per chi desidera una fragranza versatile, adatta tanto all&#8217;ufficio quanto al tempo libero estivo.<\/p>\n\n\n<div class=\"wp-block-image\">\n<figure class=\"aligncenter size-full is-resized\"><img decoding=\"async\" width=\"1080\" height=\"1080\" data-src=\"https:\/\/www.profumeriacauli.com\/blog\/wp-content\/uploads\/2025\/06\/ACQUISTA-ORA-84.jpg\" alt=\"Kerylos - L'Objet e Cologne Ind\u00e9l\u00e9bile\" class=\"wp-image-6429 lazyload\" style=\"--smush-placeholder-width: 1080px; --smush-placeholder-aspect-ratio: 1080\/1080;width:338px;height:auto\" src=\"data:image\/svg+xml;base64,PHN2ZyB3aWR0aD0iMSIgaGVpZ2h0PSIxIiB4bWxucz0iaHR0cDovL3d3dy53My5vcmcvMjAwMC9zdmciPjwvc3ZnPg==\" \/><\/figure>\n<\/div>\n\n\n<h3 class=\"wp-block-heading\">Il profumo uomo 2025: un accessorio di stile<\/h3>\n\n\n\n<p>Il panorama dei<strong> profumi maschili<\/strong> per l&#8217;estate 2025 si presenta ricco di fragranze per esprimere la propria personalit\u00e0 attraverso l&#8217;olfatto. Dal viaggio nordafricano pieno di gratitudine e atmosfere conviviali di Meo Fusciuni, all&#8217;eleganza mediterranea de L&#8217;Objet, la libert\u00e0 marina di Xerjoff fino alla raffinatezza francese di Fr\u00e9d\u00e9ric Malle, ognuno di questi profumi definisce l&#8217;immagine di un uomo contemporaneo.<\/p>\n\n\n\n<h4 class=\"wp-block-heading\">Vieni a trovare la tua firma olfattiva per la stagione pi\u00f9 calda.<\/h4>\n<!-- AddThis Advanced Settings generic via filter on the_content --><!-- AddThis Share Buttons generic via filter on the_content -->","protected":false},"excerpt":{"rendered":"<p>L&#8217;estate 2025 si annuncia come una stagione olfattiva straordinaria per l&#8217;universo maschile, con fragranze che da un lato riconfermano i canoni della profumeria tradizionale estiva e dall&#8217;altro fa respirare aria nuova. Tra novit\u00e0 assolute e reinterpretazioni contemporanee, il profumo da uomo estivo di quest&#8217;anno si caratterizza per composizioni sempre pi\u00f9 sofisticate e versatili. Il mondo [&hellip;]<!-- AddThis Advanced Settings generic via filter on get_the_excerpt --><!-- AddThis Share Buttons generic via filter on get_the_excerpt --><\/p>\n","protected":false},"author":4,"featured_media":6428,"comment_status":"open","ping_status":"open","sticky":false,"template":"","format":"standard","meta":{"_exactmetrics_skip_tracking":false,"_exactmetrics_sitenote_active":false,"_exactmetrics_sitenote_note":"","_exactmetrics_sitenote_category":0,"footnotes":""},"categories":[7,6],"tags":[],"class_list":["post-6427","post","type-post","status-publish","format-standard","has-post-thumbnail","hentry","category-profumi-uomo","category-profumi-di-lusso"],"yoast_head":"<!-- This site is optimized with the Yoast SEO plugin v27.4 - https:\/\/yoast.com\/product\/yoast-seo-wordpress\/ -->\n<title>Quali sono i profumi da uomo estivi del 2025? - Profumeria Cauli<\/title>\n<meta name=\"description\" content=\"L&#039;estate 2025 si annuncia come una stagione olfattiva straordinaria per l&#039;universo maschile: vediamo i profumi estivi pi\u00f9 gettonati.\" \/>\n<meta name=\"robots\" content=\"index, follow, max-snippet:-1, max-image-preview:large, max-video-preview:-1\" \/>\n<link rel=\"canonical\" href=\"https:\/\/www.profumeriacauli.com\/blog\/quali-sono-i-profumi-da-uomo-estivi-del-2025\/\" \/>\n<meta property=\"og:locale\" content=\"it_IT\" \/>\n<meta property=\"og:type\" content=\"article\" \/>\n<meta property=\"og:title\" content=\"Quali sono i profumi da uomo estivi del 2025? - Profumeria Cauli\" \/>\n<meta property=\"og:description\" content=\"L&#039;estate 2025 si annuncia come una stagione olfattiva straordinaria per l&#039;universo maschile: vediamo i profumi estivi pi\u00f9 gettonati.\" \/>\n<meta property=\"og:url\" content=\"https:\/\/www.profumeriacauli.com\/blog\/quali-sono-i-profumi-da-uomo-estivi-del-2025\/\" \/>\n<meta property=\"og:site_name\" content=\"Profumeria Cauli\" \/>\n<meta property=\"article:published_time\" content=\"2025-07-04T16:20:52+00:00\" \/>\n<meta property=\"article:modified_time\" content=\"2025-07-04T16:21:58+00:00\" \/>\n<meta property=\"og:image\" content=\"https:\/\/www.profumeriacauli.com\/blog\/wp-content\/uploads\/2025\/06\/Progetto-senza-titolo-34.jpg\" \/>\n\t<meta property=\"og:image:width\" content=\"1748\" \/>\n\t<meta property=\"og:image:height\" content=\"1240\" \/>\n\t<meta property=\"og:image:type\" content=\"image\/jpeg\" \/>\n<meta name=\"author\" content=\"Profumeria Cauli\" \/>\n<meta name=\"twitter:card\" content=\"summary_large_image\" \/>\n<meta name=\"twitter:label1\" content=\"Scritto da\" \/>\n\t<meta name=\"twitter:data1\" content=\"Profumeria Cauli\" \/>\n\t<meta name=\"twitter:label2\" content=\"Tempo di lettura stimato\" \/>\n\t<meta name=\"twitter:data2\" content=\"4 minuti\" \/>\n<script type=\"application\/ld+json\" class=\"yoast-schema-graph\">{\"@context\":\"https:\\\/\\\/schema.org\",\"@graph\":[{\"@type\":\"Article\",\"@id\":\"https:\\\/\\\/www.profumeriacauli.com\\\/blog\\\/quali-sono-i-profumi-da-uomo-estivi-del-2025\\\/#article\",\"isPartOf\":{\"@id\":\"https:\\\/\\\/www.profumeriacauli.com\\\/blog\\\/quali-sono-i-profumi-da-uomo-estivi-del-2025\\\/\"},\"author\":{\"name\":\"Profumeria Cauli\",\"@id\":\"https:\\\/\\\/www.profumeriacauli.com\\\/blog\\\/#\\\/schema\\\/person\\\/3c06cf8107f54bb450ba5414f9221cb8\"},\"headline\":\"Quali sono i profumi da uomo estivi del 2025?\",\"datePublished\":\"2025-07-04T16:20:52+00:00\",\"dateModified\":\"2025-07-04T16:21:58+00:00\",\"mainEntityOfPage\":{\"@id\":\"https:\\\/\\\/www.profumeriacauli.com\\\/blog\\\/quali-sono-i-profumi-da-uomo-estivi-del-2025\\\/\"},\"wordCount\":639,\"commentCount\":0,\"image\":{\"@id\":\"https:\\\/\\\/www.profumeriacauli.com\\\/blog\\\/quali-sono-i-profumi-da-uomo-estivi-del-2025\\\/#primaryimage\"},\"thumbnailUrl\":\"https:\\\/\\\/www.profumeriacauli.com\\\/blog\\\/wp-content\\\/uploads\\\/2025\\\/06\\\/Progetto-senza-titolo-34.jpg\",\"articleSection\":[\"Profumi da uomo\",\"Profumi di Lusso\"],\"inLanguage\":\"it-IT\",\"potentialAction\":[{\"@type\":\"CommentAction\",\"name\":\"Comment\",\"target\":[\"https:\\\/\\\/www.profumeriacauli.com\\\/blog\\\/quali-sono-i-profumi-da-uomo-estivi-del-2025\\\/#respond\"]}]},{\"@type\":\"WebPage\",\"@id\":\"https:\\\/\\\/www.profumeriacauli.com\\\/blog\\\/quali-sono-i-profumi-da-uomo-estivi-del-2025\\\/\",\"url\":\"https:\\\/\\\/www.profumeriacauli.com\\\/blog\\\/quali-sono-i-profumi-da-uomo-estivi-del-2025\\\/\",\"name\":\"Quali sono i profumi da uomo estivi del 2025? - Profumeria Cauli\",\"isPartOf\":{\"@id\":\"https:\\\/\\\/www.profumeriacauli.com\\\/blog\\\/#website\"},\"primaryImageOfPage\":{\"@id\":\"https:\\\/\\\/www.profumeriacauli.com\\\/blog\\\/quali-sono-i-profumi-da-uomo-estivi-del-2025\\\/#primaryimage\"},\"image\":{\"@id\":\"https:\\\/\\\/www.profumeriacauli.com\\\/blog\\\/quali-sono-i-profumi-da-uomo-estivi-del-2025\\\/#primaryimage\"},\"thumbnailUrl\":\"https:\\\/\\\/www.profumeriacauli.com\\\/blog\\\/wp-content\\\/uploads\\\/2025\\\/06\\\/Progetto-senza-titolo-34.jpg\",\"datePublished\":\"2025-07-04T16:20:52+00:00\",\"dateModified\":\"2025-07-04T16:21:58+00:00\",\"author\":{\"@id\":\"https:\\\/\\\/www.profumeriacauli.com\\\/blog\\\/#\\\/schema\\\/person\\\/3c06cf8107f54bb450ba5414f9221cb8\"},\"description\":\"L'estate 2025 si annuncia come una stagione olfattiva straordinaria per l'universo maschile: vediamo i profumi estivi pi\u00f9 gettonati.\",\"breadcrumb\":{\"@id\":\"https:\\\/\\\/www.profumeriacauli.com\\\/blog\\\/quali-sono-i-profumi-da-uomo-estivi-del-2025\\\/#breadcrumb\"},\"inLanguage\":\"it-IT\",\"potentialAction\":[{\"@type\":\"ReadAction\",\"target\":[\"https:\\\/\\\/www.profumeriacauli.com\\\/blog\\\/quali-sono-i-profumi-da-uomo-estivi-del-2025\\\/\"]}]},{\"@type\":\"ImageObject\",\"inLanguage\":\"it-IT\",\"@id\":\"https:\\\/\\\/www.profumeriacauli.com\\\/blog\\\/quali-sono-i-profumi-da-uomo-estivi-del-2025\\\/#primaryimage\",\"url\":\"https:\\\/\\\/www.profumeriacauli.com\\\/blog\\\/wp-content\\\/uploads\\\/2025\\\/06\\\/Progetto-senza-titolo-34.jpg\",\"contentUrl\":\"https:\\\/\\\/www.profumeriacauli.com\\\/blog\\\/wp-content\\\/uploads\\\/2025\\\/06\\\/Progetto-senza-titolo-34.jpg\",\"width\":1748,\"height\":1240,\"caption\":\"Profumi estivi maschili\"},{\"@type\":\"BreadcrumbList\",\"@id\":\"https:\\\/\\\/www.profumeriacauli.com\\\/blog\\\/quali-sono-i-profumi-da-uomo-estivi-del-2025\\\/#breadcrumb\",\"itemListElement\":[{\"@type\":\"ListItem\",\"position\":1,\"name\":\"Home\",\"item\":\"https:\\\/\\\/www.profumeriacauli.com\\\/blog\\\/\"},{\"@type\":\"ListItem\",\"position\":2,\"name\":\"Quali sono i profumi da uomo estivi del 2025?\"}]},{\"@type\":\"WebSite\",\"@id\":\"https:\\\/\\\/www.profumeriacauli.com\\\/blog\\\/#website\",\"url\":\"https:\\\/\\\/www.profumeriacauli.com\\\/blog\\\/\",\"name\":\"Profumeria Cauli\",\"description\":\"Blog su profumi di nicchia e profumeria di lusso\",\"potentialAction\":[{\"@type\":\"SearchAction\",\"target\":{\"@type\":\"EntryPoint\",\"urlTemplate\":\"https:\\\/\\\/www.profumeriacauli.com\\\/blog\\\/?s={search_term_string}\"},\"query-input\":{\"@type\":\"PropertyValueSpecification\",\"valueRequired\":true,\"valueName\":\"search_term_string\"}}],\"inLanguage\":\"it-IT\"},{\"@type\":\"Person\",\"@id\":\"https:\\\/\\\/www.profumeriacauli.com\\\/blog\\\/#\\\/schema\\\/person\\\/3c06cf8107f54bb450ba5414f9221cb8\",\"name\":\"Profumeria Cauli\",\"image\":{\"@type\":\"ImageObject\",\"inLanguage\":\"it-IT\",\"@id\":\"https:\\\/\\\/secure.gravatar.com\\\/avatar\\\/ffba339d2ed0c9f057bcd11bcbaf7c6aac4c267e20e792b0f219a4a9d7c59caa?s=96&d=mm&r=g\",\"url\":\"https:\\\/\\\/secure.gravatar.com\\\/avatar\\\/ffba339d2ed0c9f057bcd11bcbaf7c6aac4c267e20e792b0f219a4a9d7c59caa?s=96&d=mm&r=g\",\"contentUrl\":\"https:\\\/\\\/secure.gravatar.com\\\/avatar\\\/ffba339d2ed0c9f057bcd11bcbaf7c6aac4c267e20e792b0f219a4a9d7c59caa?s=96&d=mm&r=g\",\"caption\":\"Profumeria Cauli\"},\"url\":\"https:\\\/\\\/www.profumeriacauli.com\\\/blog\\\/author\\\/profumeriacauli\\\/\"}]}<\/script>\n<!-- \/ Yoast SEO plugin. -->","yoast_head_json":{"title":"Quali sono i profumi da uomo estivi del 2025? - Profumeria Cauli","description":"L'estate 2025 si annuncia come una stagione olfattiva straordinaria per l'universo maschile: vediamo i profumi estivi pi\u00f9 gettonati.","robots":{"index":"index","follow":"follow","max-snippet":"max-snippet:-1","max-image-preview":"max-image-preview:large","max-video-preview":"max-video-preview:-1"},"canonical":"https:\/\/www.profumeriacauli.com\/blog\/quali-sono-i-profumi-da-uomo-estivi-del-2025\/","og_locale":"it_IT","og_type":"article","og_title":"Quali sono i profumi da uomo estivi del 2025? - Profumeria Cauli","og_description":"L'estate 2025 si annuncia come una stagione olfattiva straordinaria per l'universo maschile: vediamo i profumi estivi pi\u00f9 gettonati.","og_url":"https:\/\/www.profumeriacauli.com\/blog\/quali-sono-i-profumi-da-uomo-estivi-del-2025\/","og_site_name":"Profumeria Cauli","article_published_time":"2025-07-04T16:20:52+00:00","article_modified_time":"2025-07-04T16:21:58+00:00","og_image":[{"width":1748,"height":1240,"url":"https:\/\/www.profumeriacauli.com\/blog\/wp-content\/uploads\/2025\/06\/Progetto-senza-titolo-34.jpg","type":"image\/jpeg"}],"author":"Profumeria Cauli","twitter_card":"summary_large_image","twitter_misc":{"Scritto da":"Profumeria Cauli","Tempo di lettura stimato":"4 minuti"},"schema":{"@context":"https:\/\/schema.org","@graph":[{"@type":"Article","@id":"https:\/\/www.profumeriacauli.com\/blog\/quali-sono-i-profumi-da-uomo-estivi-del-2025\/#article","isPartOf":{"@id":"https:\/\/www.profumeriacauli.com\/blog\/quali-sono-i-profumi-da-uomo-estivi-del-2025\/"},"author":{"name":"Profumeria Cauli","@id":"https:\/\/www.profumeriacauli.com\/blog\/#\/schema\/person\/3c06cf8107f54bb450ba5414f9221cb8"},"headline":"Quali sono i profumi da uomo estivi del 2025?","datePublished":"2025-07-04T16:20:52+00:00","dateModified":"2025-07-04T16:21:58+00:00","mainEntityOfPage":{"@id":"https:\/\/www.profumeriacauli.com\/blog\/quali-sono-i-profumi-da-uomo-estivi-del-2025\/"},"wordCount":639,"commentCount":0,"image":{"@id":"https:\/\/www.profumeriacauli.com\/blog\/quali-sono-i-profumi-da-uomo-estivi-del-2025\/#primaryimage"},"thumbnailUrl":"https:\/\/www.profumeriacauli.com\/blog\/wp-content\/uploads\/2025\/06\/Progetto-senza-titolo-34.jpg","articleSection":["Profumi da uomo","Profumi di Lusso"],"inLanguage":"it-IT","potentialAction":[{"@type":"CommentAction","name":"Comment","target":["https:\/\/www.profumeriacauli.com\/blog\/quali-sono-i-profumi-da-uomo-estivi-del-2025\/#respond"]}]},{"@type":"WebPage","@id":"https:\/\/www.profumeriacauli.com\/blog\/quali-sono-i-profumi-da-uomo-estivi-del-2025\/","url":"https:\/\/www.profumeriacauli.com\/blog\/quali-sono-i-profumi-da-uomo-estivi-del-2025\/","name":"Quali sono i profumi da uomo estivi del 2025? - Profumeria Cauli","isPartOf":{"@id":"https:\/\/www.profumeriacauli.com\/blog\/#website"},"primaryImageOfPage":{"@id":"https:\/\/www.profumeriacauli.com\/blog\/quali-sono-i-profumi-da-uomo-estivi-del-2025\/#primaryimage"},"image":{"@id":"https:\/\/www.profumeriacauli.com\/blog\/quali-sono-i-profumi-da-uomo-estivi-del-2025\/#primaryimage"},"thumbnailUrl":"https:\/\/www.profumeriacauli.com\/blog\/wp-content\/uploads\/2025\/06\/Progetto-senza-titolo-34.jpg","datePublished":"2025-07-04T16:20:52+00:00","dateModified":"2025-07-04T16:21:58+00:00","author":{"@id":"https:\/\/www.profumeriacauli.com\/blog\/#\/schema\/person\/3c06cf8107f54bb450ba5414f9221cb8"},"description":"L'estate 2025 si annuncia come una stagione olfattiva straordinaria per l'universo maschile: vediamo i profumi estivi pi\u00f9 gettonati.","breadcrumb":{"@id":"https:\/\/www.profumeriacauli.com\/blog\/quali-sono-i-profumi-da-uomo-estivi-del-2025\/#breadcrumb"},"inLanguage":"it-IT","potentialAction":[{"@type":"ReadAction","target":["https:\/\/www.profumeriacauli.com\/blog\/quali-sono-i-profumi-da-uomo-estivi-del-2025\/"]}]},{"@type":"ImageObject","inLanguage":"it-IT","@id":"https:\/\/www.profumeriacauli.com\/blog\/quali-sono-i-profumi-da-uomo-estivi-del-2025\/#primaryimage","url":"https:\/\/www.profumeriacauli.com\/blog\/wp-content\/uploads\/2025\/06\/Progetto-senza-titolo-34.jpg","contentUrl":"https:\/\/www.profumeriacauli.com\/blog\/wp-content\/uploads\/2025\/06\/Progetto-senza-titolo-34.jpg","width":1748,"height":1240,"caption":"Profumi estivi maschili"},{"@type":"BreadcrumbList","@id":"https:\/\/www.profumeriacauli.com\/blog\/quali-sono-i-profumi-da-uomo-estivi-del-2025\/#breadcrumb","itemListElement":[{"@type":"ListItem","position":1,"name":"Home","item":"https:\/\/www.profumeriacauli.com\/blog\/"},{"@type":"ListItem","position":2,"name":"Quali sono i profumi da uomo estivi del 2025?"}]},{"@type":"WebSite","@id":"https:\/\/www.profumeriacauli.com\/blog\/#website","url":"https:\/\/www.profumeriacauli.com\/blog\/","name":"Profumeria Cauli","description":"Blog su profumi di nicchia e profumeria di lusso","potentialAction":[{"@type":"SearchAction","target":{"@type":"EntryPoint","urlTemplate":"https:\/\/www.profumeriacauli.com\/blog\/?s={search_term_string}"},"query-input":{"@type":"PropertyValueSpecification","valueRequired":true,"valueName":"search_term_string"}}],"inLanguage":"it-IT"},{"@type":"Person","@id":"https:\/\/www.profumeriacauli.com\/blog\/#\/schema\/person\/3c06cf8107f54bb450ba5414f9221cb8","name":"Profumeria Cauli","image":{"@type":"ImageObject","inLanguage":"it-IT","@id":"https:\/\/secure.gravatar.com\/avatar\/ffba339d2ed0c9f057bcd11bcbaf7c6aac4c267e20e792b0f219a4a9d7c59caa?s=96&d=mm&r=g","url":"https:\/\/secure.gravatar.com\/avatar\/ffba339d2ed0c9f057bcd11bcbaf7c6aac4c267e20e792b0f219a4a9d7c59caa?s=96&d=mm&r=g","contentUrl":"https:\/\/secure.gravatar.com\/avatar\/ffba339d2ed0c9f057bcd11bcbaf7c6aac4c267e20e792b0f219a4a9d7c59caa?s=96&d=mm&r=g","caption":"Profumeria Cauli"},"url":"https:\/\/www.profumeriacauli.com\/blog\/author\/profumeriacauli\/"}]}},"_links":{"self":[{"href":"https:\/\/www.profumeriacauli.com\/blog\/wp-json\/wp\/v2\/posts\/6427","targetHints":{"allow":["GET"]}}],"collection":[{"href":"https:\/\/www.profumeriacauli.com\/blog\/wp-json\/wp\/v2\/posts"}],"about":[{"href":"https:\/\/www.profumeriacauli.com\/blog\/wp-json\/wp\/v2\/types\/post"}],"author":[{"embeddable":true,"href":"https:\/\/www.profumeriacauli.com\/blog\/wp-json\/wp\/v2\/users\/4"}],"replies":[{"embeddable":true,"href":"https:\/\/www.profumeriacauli.com\/blog\/wp-json\/wp\/v2\/comments?post=6427"}],"version-history":[{"count":7,"href":"https:\/\/www.profumeriacauli.com\/blog\/wp-json\/wp\/v2\/posts\/6427\/revisions"}],"predecessor-version":[{"id":6440,"href":"https:\/\/www.profumeriacauli.com\/blog\/wp-json\/wp\/v2\/posts\/6427\/revisions\/6440"}],"wp:featuredmedia":[{"embeddable":true,"href":"https:\/\/www.profumeriacauli.com\/blog\/wp-json\/wp\/v2\/media\/6428"}],"wp:attachment":[{"href":"https:\/\/www.profumeriacauli.com\/blog\/wp-json\/wp\/v2\/media?parent=6427"}],"wp:term":[{"taxonomy":"category","embeddable":true,"href":"https:\/\/www.profumeriacauli.com\/blog\/wp-json\/wp\/v2\/categories?post=6427"},{"taxonomy":"post_tag","embeddable":true,"href":"https:\/\/www.profumeriacauli.com\/blog\/wp-json\/wp\/v2\/tags?post=6427"}],"curies":[{"name":"wp","href":"https:\/\/api.w.org\/{rel}","templated":true}]}}