{"id":5972,"date":"2024-09-05T12:00:29","date_gmt":"2024-09-05T10:00:29","guid":{"rendered":"https:\/\/www.profumeriacauli.com\/blog\/?p=5972"},"modified":"2024-09-10T09:34:47","modified_gmt":"2024-09-10T07:34:47","slug":"3-consigli-profumati-per-lautunno","status":"publish","type":"post","link":"https:\/\/www.profumeriacauli.com\/blog\/3-consigli-profumati-per-lautunno\/","title":{"rendered":"3 consigli profumati per l&#8217;autunno"},"content":{"rendered":"\n<h2 class=\"wp-block-heading\">Scopri i profumi di nicchia per la stagione del cambiamento<\/h2>\n\n\n\n<p>Con l&#8217;arrivo dell&#8217;<strong>autunno<\/strong>, la natura si tinge di colori caldi e l&#8217;aria diventa pi\u00f9 fresca, portando con s\u00e9 un senso di rinnovamento. Per alcune persone comincia il periodo pi\u00f9 bello dell&#8217;anno, per altri \u00e8 solo un triste rientro dalle vacanze. Ma per tutti rappresenta sicuramente un piccolo nuovo inizio che porta con s\u00e8 un pizzico di nostalgia.<\/p>\n\n\n\n<p>Questo \u00e8 il momento dei &#8220;ne riparliamo a settembre&#8221; che bussano alla porta e per questo abbiamo pensato di suggerirti alcuni <strong>profumi<\/strong> che rispecchiano al meglio i sentimenti agrodolci di questi giorni per affrontare con stile e personalit\u00e0 la stagione autunnale.<\/p>\n\n\n\n<!--more-->\n\n\n\n<h3 class=\"wp-block-heading\">Le note preferite per un perfetto autunno profumato<\/h3>\n\n\n\n<p>In questo articolo sui <strong>profumi per l&#8217;autunno<\/strong> abbiamo pensato di accontentare i gusti dei nostalgici dell&#8217;estate ma anche degli amanti delle giornate pi\u00f9 corte e dei colori caldi della natura che piano piano si riposa. Le note olfattive che rispecchiano al meglio il nostro mood del momento possono essere varie, e vanno da accordi acquatici un po&#8217; malinconici, a morbidi sentori speziati e terrosi.<\/p>\n\n\n\n<p>Alcune fragranze di nicchia sono perfette per rappresentare questa fase di cambiamento e ci fanno vivere tutta la palette olfattiva della terra, delle foglie e dei tessuti pi\u00f9 caldi, o ancora il ricordo del sole sulla pelle, delle giornate lunghe e lente.<\/p>\n\n\n\n<h5 class=\"wp-block-heading\">Ecco quali sono i profumi che abbiamo selezionato per tutti i gusti dell&#8217;autunno<\/h5>\n\n\n\n<p><\/p>\n\n\n\n<h3 class=\"wp-block-heading\">Lasciati cullare dai ricordi con Feel &#8216;n&#8217; Chill<\/h3>\n\n\n\n<p>Ammettiamo che questa \u00e8 una licenza profumata presa in prestito dalla stagione estiva, ma per i nostalgici della vacanza \u00e8 il giusto incontro fra note fresche e succose e gli aperitivi al tramonto che arriva sempre prima. Jus Box, la casa madre di Feel &#8216;n chill, ci regala note fruttate di fico e anguria cullate da una base di <a href=\"https:\/\/www.profumeriacauli.com\/ingredienti\/cocco-31\" target=\"_blank\" rel=\"noreferrer noopener\">acqua di cocco<\/a>. Sono proprio queste note grasse e avvolgenti a darci l&#8217;illusione di scivolare dolcemente in un tempo che ormai sentiamo finire; con un velo di malinconia, ci teniamo stretti quei momenti ancora lenti e ci godiamo i ricordi di spensierata frivolezza.<\/p>\n\n\n<div class=\"wp-block-image\">\n<figure class=\"aligncenter size-full is-resized\"><a href=\"https:\/\/www.profumeriacauli.com\/3373-feel-n-chill-jusbox-78-ml-edp.html\" target=\"_blank\" rel=\"noreferrer noopener\"><img decoding=\"async\" width=\"1080\" height=\"1080\" data-src=\"https:\/\/www.profumeriacauli.com\/blog\/wp-content\/uploads\/2024\/09\/ACQUISTA-ORA-12.jpg\" alt=\"Jusbox Fell'n'chill\" class=\"wp-image-5974 lazyload\" style=\"--smush-placeholder-width: 1080px; --smush-placeholder-aspect-ratio: 1080\/1080;width:264px;height:auto\" src=\"data:image\/svg+xml;base64,PHN2ZyB3aWR0aD0iMSIgaGVpZ2h0PSIxIiB4bWxucz0iaHR0cDovL3d3dy53My5vcmcvMjAwMC9zdmciPjwvc3ZnPg==\" \/><\/a><figcaption class=\"wp-element-caption\"><a href=\"https:\/\/www.profumeriacauli.com\/3373-feel-n-chill-jusbox-78-ml-edp.html\" target=\"_blank\" rel=\"noreferrer noopener\">Feel &#8216;n&#8217; chill &#8211; Jus Box<\/a><\/figcaption><\/figure>\n<\/div>\n\n\n<h3 class=\"wp-block-heading\">Ritorno alla terra con Last Season<\/h3>\n\n\n\n<p>Per chi ama i profumi caldi e le ambientazioni nordiche, Last Season \u00e8 un salto improvviso nella natura di ottobre, con tutta la voglia di fuoco, di atmosfere soffuse e temperature pi\u00f9 fredde.<\/p>\n\n\n\n<p>L&#8217;ultimo lavoro di Meo Fusciuni, con le sue note di <a href=\"https:\/\/www.profumeriacauli.com\/desideri-olfattivi\/cuoiato-10\" target=\"_blank\" rel=\"noreferrer noopener\">cuoio<\/a> e legni, ci porta a passeggiare in un bosco svedese; sembra quasi di poter sentire le prime piogge autunnali, la terra bollente che sprigiona il suo odore, i deboli raggi di sole che filtrano fra le betulle. Una fragranza audace e originale che non solo si accorda al tempo presente, ma non ti far\u00e0 certamente passare inosservato.<\/p>\n\n\n<div class=\"wp-block-image\">\n<figure class=\"aligncenter size-full is-resized\"><img decoding=\"async\" width=\"1080\" height=\"1080\" data-src=\"https:\/\/www.profumeriacauli.com\/blog\/wp-content\/uploads\/2024\/09\/ACQUISTA-ORA-15.jpg\" alt=\"Last Season Meo Fusciuni\" class=\"wp-image-5989 lazyload\" style=\"--smush-placeholder-width: 1080px; --smush-placeholder-aspect-ratio: 1080\/1080;width:276px;height:auto\" src=\"data:image\/svg+xml;base64,PHN2ZyB3aWR0aD0iMSIgaGVpZ2h0PSIxIiB4bWxucz0iaHR0cDovL3d3dy53My5vcmcvMjAwMC9zdmciPjwvc3ZnPg==\" \/><figcaption class=\"wp-element-caption\"><a href=\"https:\/\/www.profumeriacauli.com\/3439-last-season-meo-fusciuni-100-ml-parfum.html\" target=\"_blank\" rel=\"noreferrer noopener\">Last Season &#8211; Meo Fusciuni<\/a><\/figcaption><\/figure>\n<\/div>\n\n\n<h3 class=\"wp-block-heading\">La spezia d&#8217;oro di Black Saffron<\/h3>\n\n\n\n<p>Le note speziate sono le pi\u00f9 ricercate quando si parla di profumi per la stagione fredda; fra tutte, abbiamo scelto i colori dello zafferano, preziosissima spezia profumata che viene raccolta proprio in autunno. Il fiore che la racchiude \u00e8 di un bellissimo colore viola e riempie i campi nel mese di ottobre, una gioia per gli occhi e per il naso!<\/p>\n\n\n\n<p>Il marchio nordeuropeo <a href=\"https:\/\/www.profumeriacauli.com\/brand\/372-byredo\" target=\"_blank\" rel=\"noreferrer noopener\">BYREDO<\/a> ha racchiuso questa spezia in una fragranza sofisticata e molto noir, che si apre con bacche di ginepro pungenti e legnose, e poi sviluppa la sua piramide olfattiva con sentori cuoiati, resi alla perfezione dalla violetta e dal vetiver. Lo zafferano \u00e8 il cuore pulsante, caldo e sensuale, per un jus intrigante e misterioso.<\/p>\n\n\n<div class=\"wp-block-image\">\n<figure class=\"aligncenter size-full is-resized\"><a href=\"https:\/\/www.profumeriacauli.com\/1131-411-black-saffron-byredo.html\" target=\"_blank\" rel=\"noreferrer noopener\"><img decoding=\"async\" width=\"945\" height=\"945\" data-src=\"https:\/\/www.profumeriacauli.com\/blog\/wp-content\/uploads\/2024\/09\/ACQUISTA-ORA-14.jpg\" alt=\"\" class=\"wp-image-5980 lazyload\" style=\"--smush-placeholder-width: 945px; --smush-placeholder-aspect-ratio: 945\/945;width:280px;height:auto\" src=\"data:image\/svg+xml;base64,PHN2ZyB3aWR0aD0iMSIgaGVpZ2h0PSIxIiB4bWxucz0iaHR0cDovL3d3dy53My5vcmcvMjAwMC9zdmciPjwvc3ZnPg==\" \/><\/a><figcaption class=\"wp-element-caption\"><a href=\"https:\/\/www.profumeriacauli.com\/1131-411-black-saffron-byredo.html#\/12-formati-100_ml\" target=\"_blank\" rel=\"noreferrer noopener\">Black saffron &#8211; Byredo<\/a><\/figcaption><\/figure>\n<\/div>\n\n\n<h4 class=\"wp-block-heading\">Ora che ve  ne abbiamo presentati alcuni, possiamo finalmente dare inizio a una nuova stagione di profumi autunnali per tutti.<\/h4>\n<!-- AddThis Advanced Settings generic via filter on the_content --><!-- AddThis Share Buttons generic via filter on the_content -->","protected":false},"excerpt":{"rendered":"<p>Scopri i profumi di nicchia per la stagione del cambiamento Con l&#8217;arrivo dell&#8217;autunno, la natura si tinge di colori caldi e l&#8217;aria diventa pi\u00f9 fresca, portando con s\u00e9 un senso di rinnovamento. Per alcune persone comincia il periodo pi\u00f9 bello dell&#8217;anno, per altri \u00e8 solo un triste rientro dalle vacanze. Ma per tutti rappresenta sicuramente [&hellip;]<!-- AddThis Advanced Settings generic via filter on get_the_excerpt --><!-- AddThis Share Buttons generic via filter on get_the_excerpt --><\/p>\n","protected":false},"author":4,"featured_media":5973,"comment_status":"open","ping_status":"open","sticky":false,"template":"","format":"standard","meta":{"_exactmetrics_skip_tracking":false,"_exactmetrics_sitenote_active":false,"_exactmetrics_sitenote_note":"","_exactmetrics_sitenote_category":0,"footnotes":""},"categories":[6],"tags":[],"class_list":["post-5972","post","type-post","status-publish","format-standard","has-post-thumbnail","hentry","category-profumi-di-lusso"],"yoast_head":"<!-- This site is optimized with the Yoast SEO plugin v27.4 - https:\/\/yoast.com\/product\/yoast-seo-wordpress\/ -->\n<title>3 consigli profumati per l&#039;autunno - Profumeria Cauli<\/title>\n<meta name=\"description\" content=\"In questo articolo sui profumi per l&#039;autunno abbiamo pensato di accontentare i gusti dei nostalgici dell&#039;estate ma anche degli amanti delle giornate pi\u00f9 corte.\" \/>\n<meta name=\"robots\" content=\"index, follow, max-snippet:-1, max-image-preview:large, max-video-preview:-1\" \/>\n<link rel=\"canonical\" href=\"https:\/\/www.profumeriacauli.com\/blog\/3-consigli-profumati-per-lautunno\/\" \/>\n<meta property=\"og:locale\" content=\"it_IT\" \/>\n<meta property=\"og:type\" content=\"article\" \/>\n<meta property=\"og:title\" content=\"3 consigli profumati per l&#039;autunno - Profumeria Cauli\" \/>\n<meta property=\"og:description\" content=\"In questo articolo sui profumi per l&#039;autunno abbiamo pensato di accontentare i gusti dei nostalgici dell&#039;estate ma anche degli amanti delle giornate pi\u00f9 corte.\" \/>\n<meta property=\"og:url\" content=\"https:\/\/www.profumeriacauli.com\/blog\/3-consigli-profumati-per-lautunno\/\" \/>\n<meta property=\"og:site_name\" content=\"Profumeria Cauli\" \/>\n<meta property=\"article:published_time\" content=\"2024-09-05T10:00:29+00:00\" \/>\n<meta property=\"article:modified_time\" content=\"2024-09-10T07:34:47+00:00\" \/>\n<meta property=\"og:image\" content=\"https:\/\/www.profumeriacauli.com\/blog\/wp-content\/uploads\/2024\/09\/Progetto-senza-titolo-5.jpg\" \/>\n\t<meta property=\"og:image:width\" content=\"1748\" \/>\n\t<meta property=\"og:image:height\" content=\"1240\" \/>\n\t<meta property=\"og:image:type\" content=\"image\/jpeg\" \/>\n<meta name=\"author\" content=\"Profumeria Cauli\" \/>\n<meta name=\"twitter:card\" content=\"summary_large_image\" \/>\n<meta name=\"twitter:label1\" content=\"Scritto da\" \/>\n\t<meta name=\"twitter:data1\" content=\"Profumeria Cauli\" \/>\n\t<meta name=\"twitter:label2\" content=\"Tempo di lettura stimato\" \/>\n\t<meta name=\"twitter:data2\" content=\"5 minuti\" \/>\n<script type=\"application\/ld+json\" class=\"yoast-schema-graph\">{\"@context\":\"https:\\\/\\\/schema.org\",\"@graph\":[{\"@type\":\"Article\",\"@id\":\"https:\\\/\\\/www.profumeriacauli.com\\\/blog\\\/3-consigli-profumati-per-lautunno\\\/#article\",\"isPartOf\":{\"@id\":\"https:\\\/\\\/www.profumeriacauli.com\\\/blog\\\/3-consigli-profumati-per-lautunno\\\/\"},\"author\":{\"name\":\"Profumeria Cauli\",\"@id\":\"https:\\\/\\\/www.profumeriacauli.com\\\/blog\\\/#\\\/schema\\\/person\\\/3c06cf8107f54bb450ba5414f9221cb8\"},\"headline\":\"3 consigli profumati per l&#8217;autunno\",\"datePublished\":\"2024-09-05T10:00:29+00:00\",\"dateModified\":\"2024-09-10T07:34:47+00:00\",\"mainEntityOfPage\":{\"@id\":\"https:\\\/\\\/www.profumeriacauli.com\\\/blog\\\/3-consigli-profumati-per-lautunno\\\/\"},\"wordCount\":620,\"commentCount\":0,\"image\":{\"@id\":\"https:\\\/\\\/www.profumeriacauli.com\\\/blog\\\/3-consigli-profumati-per-lautunno\\\/#primaryimage\"},\"thumbnailUrl\":\"https:\\\/\\\/www.profumeriacauli.com\\\/blog\\\/wp-content\\\/uploads\\\/2024\\\/09\\\/Progetto-senza-titolo-5.jpg\",\"articleSection\":[\"Profumi di Lusso\"],\"inLanguage\":\"it-IT\",\"potentialAction\":[{\"@type\":\"CommentAction\",\"name\":\"Comment\",\"target\":[\"https:\\\/\\\/www.profumeriacauli.com\\\/blog\\\/3-consigli-profumati-per-lautunno\\\/#respond\"]}]},{\"@type\":\"WebPage\",\"@id\":\"https:\\\/\\\/www.profumeriacauli.com\\\/blog\\\/3-consigli-profumati-per-lautunno\\\/\",\"url\":\"https:\\\/\\\/www.profumeriacauli.com\\\/blog\\\/3-consigli-profumati-per-lautunno\\\/\",\"name\":\"3 consigli profumati per l'autunno - Profumeria Cauli\",\"isPartOf\":{\"@id\":\"https:\\\/\\\/www.profumeriacauli.com\\\/blog\\\/#website\"},\"primaryImageOfPage\":{\"@id\":\"https:\\\/\\\/www.profumeriacauli.com\\\/blog\\\/3-consigli-profumati-per-lautunno\\\/#primaryimage\"},\"image\":{\"@id\":\"https:\\\/\\\/www.profumeriacauli.com\\\/blog\\\/3-consigli-profumati-per-lautunno\\\/#primaryimage\"},\"thumbnailUrl\":\"https:\\\/\\\/www.profumeriacauli.com\\\/blog\\\/wp-content\\\/uploads\\\/2024\\\/09\\\/Progetto-senza-titolo-5.jpg\",\"datePublished\":\"2024-09-05T10:00:29+00:00\",\"dateModified\":\"2024-09-10T07:34:47+00:00\",\"author\":{\"@id\":\"https:\\\/\\\/www.profumeriacauli.com\\\/blog\\\/#\\\/schema\\\/person\\\/3c06cf8107f54bb450ba5414f9221cb8\"},\"description\":\"In questo articolo sui profumi per l'autunno abbiamo pensato di accontentare i gusti dei nostalgici dell'estate ma anche degli amanti delle giornate pi\u00f9 corte.\",\"breadcrumb\":{\"@id\":\"https:\\\/\\\/www.profumeriacauli.com\\\/blog\\\/3-consigli-profumati-per-lautunno\\\/#breadcrumb\"},\"inLanguage\":\"it-IT\",\"potentialAction\":[{\"@type\":\"ReadAction\",\"target\":[\"https:\\\/\\\/www.profumeriacauli.com\\\/blog\\\/3-consigli-profumati-per-lautunno\\\/\"]}]},{\"@type\":\"ImageObject\",\"inLanguage\":\"it-IT\",\"@id\":\"https:\\\/\\\/www.profumeriacauli.com\\\/blog\\\/3-consigli-profumati-per-lautunno\\\/#primaryimage\",\"url\":\"https:\\\/\\\/www.profumeriacauli.com\\\/blog\\\/wp-content\\\/uploads\\\/2024\\\/09\\\/Progetto-senza-titolo-5.jpg\",\"contentUrl\":\"https:\\\/\\\/www.profumeriacauli.com\\\/blog\\\/wp-content\\\/uploads\\\/2024\\\/09\\\/Progetto-senza-titolo-5.jpg\",\"width\":1748,\"height\":1240,\"caption\":\"Profumi per l'autunno\"},{\"@type\":\"BreadcrumbList\",\"@id\":\"https:\\\/\\\/www.profumeriacauli.com\\\/blog\\\/3-consigli-profumati-per-lautunno\\\/#breadcrumb\",\"itemListElement\":[{\"@type\":\"ListItem\",\"position\":1,\"name\":\"Home\",\"item\":\"https:\\\/\\\/www.profumeriacauli.com\\\/blog\\\/\"},{\"@type\":\"ListItem\",\"position\":2,\"name\":\"3 consigli profumati per l&#8217;autunno\"}]},{\"@type\":\"WebSite\",\"@id\":\"https:\\\/\\\/www.profumeriacauli.com\\\/blog\\\/#website\",\"url\":\"https:\\\/\\\/www.profumeriacauli.com\\\/blog\\\/\",\"name\":\"Profumeria Cauli\",\"description\":\"Blog su profumi di nicchia e profumeria di lusso\",\"potentialAction\":[{\"@type\":\"SearchAction\",\"target\":{\"@type\":\"EntryPoint\",\"urlTemplate\":\"https:\\\/\\\/www.profumeriacauli.com\\\/blog\\\/?s={search_term_string}\"},\"query-input\":{\"@type\":\"PropertyValueSpecification\",\"valueRequired\":true,\"valueName\":\"search_term_string\"}}],\"inLanguage\":\"it-IT\"},{\"@type\":\"Person\",\"@id\":\"https:\\\/\\\/www.profumeriacauli.com\\\/blog\\\/#\\\/schema\\\/person\\\/3c06cf8107f54bb450ba5414f9221cb8\",\"name\":\"Profumeria Cauli\",\"image\":{\"@type\":\"ImageObject\",\"inLanguage\":\"it-IT\",\"@id\":\"https:\\\/\\\/secure.gravatar.com\\\/avatar\\\/ffba339d2ed0c9f057bcd11bcbaf7c6aac4c267e20e792b0f219a4a9d7c59caa?s=96&d=mm&r=g\",\"url\":\"https:\\\/\\\/secure.gravatar.com\\\/avatar\\\/ffba339d2ed0c9f057bcd11bcbaf7c6aac4c267e20e792b0f219a4a9d7c59caa?s=96&d=mm&r=g\",\"contentUrl\":\"https:\\\/\\\/secure.gravatar.com\\\/avatar\\\/ffba339d2ed0c9f057bcd11bcbaf7c6aac4c267e20e792b0f219a4a9d7c59caa?s=96&d=mm&r=g\",\"caption\":\"Profumeria Cauli\"},\"url\":\"https:\\\/\\\/www.profumeriacauli.com\\\/blog\\\/author\\\/profumeriacauli\\\/\"}]}<\/script>\n<!-- \/ Yoast SEO plugin. -->","yoast_head_json":{"title":"3 consigli profumati per l'autunno - Profumeria Cauli","description":"In questo articolo sui profumi per l'autunno abbiamo pensato di accontentare i gusti dei nostalgici dell'estate ma anche degli amanti delle giornate pi\u00f9 corte.","robots":{"index":"index","follow":"follow","max-snippet":"max-snippet:-1","max-image-preview":"max-image-preview:large","max-video-preview":"max-video-preview:-1"},"canonical":"https:\/\/www.profumeriacauli.com\/blog\/3-consigli-profumati-per-lautunno\/","og_locale":"it_IT","og_type":"article","og_title":"3 consigli profumati per l'autunno - Profumeria Cauli","og_description":"In questo articolo sui profumi per l'autunno abbiamo pensato di accontentare i gusti dei nostalgici dell'estate ma anche degli amanti delle giornate pi\u00f9 corte.","og_url":"https:\/\/www.profumeriacauli.com\/blog\/3-consigli-profumati-per-lautunno\/","og_site_name":"Profumeria Cauli","article_published_time":"2024-09-05T10:00:29+00:00","article_modified_time":"2024-09-10T07:34:47+00:00","og_image":[{"width":1748,"height":1240,"url":"https:\/\/www.profumeriacauli.com\/blog\/wp-content\/uploads\/2024\/09\/Progetto-senza-titolo-5.jpg","type":"image\/jpeg"}],"author":"Profumeria Cauli","twitter_card":"summary_large_image","twitter_misc":{"Scritto da":"Profumeria Cauli","Tempo di lettura stimato":"5 minuti"},"schema":{"@context":"https:\/\/schema.org","@graph":[{"@type":"Article","@id":"https:\/\/www.profumeriacauli.com\/blog\/3-consigli-profumati-per-lautunno\/#article","isPartOf":{"@id":"https:\/\/www.profumeriacauli.com\/blog\/3-consigli-profumati-per-lautunno\/"},"author":{"name":"Profumeria Cauli","@id":"https:\/\/www.profumeriacauli.com\/blog\/#\/schema\/person\/3c06cf8107f54bb450ba5414f9221cb8"},"headline":"3 consigli profumati per l&#8217;autunno","datePublished":"2024-09-05T10:00:29+00:00","dateModified":"2024-09-10T07:34:47+00:00","mainEntityOfPage":{"@id":"https:\/\/www.profumeriacauli.com\/blog\/3-consigli-profumati-per-lautunno\/"},"wordCount":620,"commentCount":0,"image":{"@id":"https:\/\/www.profumeriacauli.com\/blog\/3-consigli-profumati-per-lautunno\/#primaryimage"},"thumbnailUrl":"https:\/\/www.profumeriacauli.com\/blog\/wp-content\/uploads\/2024\/09\/Progetto-senza-titolo-5.jpg","articleSection":["Profumi di Lusso"],"inLanguage":"it-IT","potentialAction":[{"@type":"CommentAction","name":"Comment","target":["https:\/\/www.profumeriacauli.com\/blog\/3-consigli-profumati-per-lautunno\/#respond"]}]},{"@type":"WebPage","@id":"https:\/\/www.profumeriacauli.com\/blog\/3-consigli-profumati-per-lautunno\/","url":"https:\/\/www.profumeriacauli.com\/blog\/3-consigli-profumati-per-lautunno\/","name":"3 consigli profumati per l'autunno - Profumeria Cauli","isPartOf":{"@id":"https:\/\/www.profumeriacauli.com\/blog\/#website"},"primaryImageOfPage":{"@id":"https:\/\/www.profumeriacauli.com\/blog\/3-consigli-profumati-per-lautunno\/#primaryimage"},"image":{"@id":"https:\/\/www.profumeriacauli.com\/blog\/3-consigli-profumati-per-lautunno\/#primaryimage"},"thumbnailUrl":"https:\/\/www.profumeriacauli.com\/blog\/wp-content\/uploads\/2024\/09\/Progetto-senza-titolo-5.jpg","datePublished":"2024-09-05T10:00:29+00:00","dateModified":"2024-09-10T07:34:47+00:00","author":{"@id":"https:\/\/www.profumeriacauli.com\/blog\/#\/schema\/person\/3c06cf8107f54bb450ba5414f9221cb8"},"description":"In questo articolo sui profumi per l'autunno abbiamo pensato di accontentare i gusti dei nostalgici dell'estate ma anche degli amanti delle giornate pi\u00f9 corte.","breadcrumb":{"@id":"https:\/\/www.profumeriacauli.com\/blog\/3-consigli-profumati-per-lautunno\/#breadcrumb"},"inLanguage":"it-IT","potentialAction":[{"@type":"ReadAction","target":["https:\/\/www.profumeriacauli.com\/blog\/3-consigli-profumati-per-lautunno\/"]}]},{"@type":"ImageObject","inLanguage":"it-IT","@id":"https:\/\/www.profumeriacauli.com\/blog\/3-consigli-profumati-per-lautunno\/#primaryimage","url":"https:\/\/www.profumeriacauli.com\/blog\/wp-content\/uploads\/2024\/09\/Progetto-senza-titolo-5.jpg","contentUrl":"https:\/\/www.profumeriacauli.com\/blog\/wp-content\/uploads\/2024\/09\/Progetto-senza-titolo-5.jpg","width":1748,"height":1240,"caption":"Profumi per l'autunno"},{"@type":"BreadcrumbList","@id":"https:\/\/www.profumeriacauli.com\/blog\/3-consigli-profumati-per-lautunno\/#breadcrumb","itemListElement":[{"@type":"ListItem","position":1,"name":"Home","item":"https:\/\/www.profumeriacauli.com\/blog\/"},{"@type":"ListItem","position":2,"name":"3 consigli profumati per l&#8217;autunno"}]},{"@type":"WebSite","@id":"https:\/\/www.profumeriacauli.com\/blog\/#website","url":"https:\/\/www.profumeriacauli.com\/blog\/","name":"Profumeria Cauli","description":"Blog su profumi di nicchia e profumeria di lusso","potentialAction":[{"@type":"SearchAction","target":{"@type":"EntryPoint","urlTemplate":"https:\/\/www.profumeriacauli.com\/blog\/?s={search_term_string}"},"query-input":{"@type":"PropertyValueSpecification","valueRequired":true,"valueName":"search_term_string"}}],"inLanguage":"it-IT"},{"@type":"Person","@id":"https:\/\/www.profumeriacauli.com\/blog\/#\/schema\/person\/3c06cf8107f54bb450ba5414f9221cb8","name":"Profumeria Cauli","image":{"@type":"ImageObject","inLanguage":"it-IT","@id":"https:\/\/secure.gravatar.com\/avatar\/ffba339d2ed0c9f057bcd11bcbaf7c6aac4c267e20e792b0f219a4a9d7c59caa?s=96&d=mm&r=g","url":"https:\/\/secure.gravatar.com\/avatar\/ffba339d2ed0c9f057bcd11bcbaf7c6aac4c267e20e792b0f219a4a9d7c59caa?s=96&d=mm&r=g","contentUrl":"https:\/\/secure.gravatar.com\/avatar\/ffba339d2ed0c9f057bcd11bcbaf7c6aac4c267e20e792b0f219a4a9d7c59caa?s=96&d=mm&r=g","caption":"Profumeria Cauli"},"url":"https:\/\/www.profumeriacauli.com\/blog\/author\/profumeriacauli\/"}]}},"_links":{"self":[{"href":"https:\/\/www.profumeriacauli.com\/blog\/wp-json\/wp\/v2\/posts\/5972","targetHints":{"allow":["GET"]}}],"collection":[{"href":"https:\/\/www.profumeriacauli.com\/blog\/wp-json\/wp\/v2\/posts"}],"about":[{"href":"https:\/\/www.profumeriacauli.com\/blog\/wp-json\/wp\/v2\/types\/post"}],"author":[{"embeddable":true,"href":"https:\/\/www.profumeriacauli.com\/blog\/wp-json\/wp\/v2\/users\/4"}],"replies":[{"embeddable":true,"href":"https:\/\/www.profumeriacauli.com\/blog\/wp-json\/wp\/v2\/comments?post=5972"}],"version-history":[{"count":9,"href":"https:\/\/www.profumeriacauli.com\/blog\/wp-json\/wp\/v2\/posts\/5972\/revisions"}],"predecessor-version":[{"id":5994,"href":"https:\/\/www.profumeriacauli.com\/blog\/wp-json\/wp\/v2\/posts\/5972\/revisions\/5994"}],"wp:featuredmedia":[{"embeddable":true,"href":"https:\/\/www.profumeriacauli.com\/blog\/wp-json\/wp\/v2\/media\/5973"}],"wp:attachment":[{"href":"https:\/\/www.profumeriacauli.com\/blog\/wp-json\/wp\/v2\/media?parent=5972"}],"wp:term":[{"taxonomy":"category","embeddable":true,"href":"https:\/\/www.profumeriacauli.com\/blog\/wp-json\/wp\/v2\/categories?post=5972"},{"taxonomy":"post_tag","embeddable":true,"href":"https:\/\/www.profumeriacauli.com\/blog\/wp-json\/wp\/v2\/tags?post=5972"}],"curies":[{"name":"wp","href":"https:\/\/api.w.org\/{rel}","templated":true}]}}