{"id":5011,"date":"2022-12-16T17:01:45","date_gmt":"2022-12-16T16:01:45","guid":{"rendered":"https:\/\/www.profumeriacauli.com\/blog\/?p=5011"},"modified":"2025-08-11T16:21:07","modified_gmt":"2025-08-11T14:21:07","slug":"a-ogni-profumo-un-colore","status":"publish","type":"post","link":"https:\/\/www.profumeriacauli.com\/blog\/a-ogni-profumo-un-colore\/","title":{"rendered":"Un profumo per ogni colore"},"content":{"rendered":"\n<h2 class=\"wp-block-heading\">Spazio all&#8217;immaginazione: entrano in scena i colori<\/h2>\n\n\n\n<p>E&#8217; pratica comune <strong>annusare a occhi chiusi<\/strong>. Questo perch\u00e9 \u00e8 pi\u00f9 facile connettersi al proprio senso dell&#8217;olfatto quando non si \u00e8 disturbati da altri sensi come la vista, per esempio. <\/p>\n\n\n\n<p>In questo modo sar\u00e0 il naso a guidare le nostre sensazioni nell&#8217;atto di &#8220;sentire&#8221; il profumo. Il sentire, appunto, \u00e8 quell&#8217;azione che mette in contatto molti sensi e che, nel caso delle <a href=\"https:\/\/www.profumeriacauli.com\/299-fragranze\" target=\"_blank\" rel=\"noreferrer noopener\">fragranze di lusso<\/a>, va ben oltre il solo olfatto.<\/p>\n\n\n\n<p>E&#8217; qui che, a occhi chiusi, sappiamo orientarci nei meandri della memoria e si affina la capacit\u00e0 di immaginare. Cos\u00ec compaiono all&#8217;improvviso dei <strong>colori <\/strong>nella nostra testa, colori che associamo inevitabilmente al <strong>profumo<\/strong> oggetto della nostra personale analisi sensoriale<\/p>\n\n\n\n<p>Noi abbiamo provato a dare un colore a ciascun profumo e questo \u00e8 il risultato!<\/p>\n\n\n\n<!--more-->\n\n\n\n<h3 class=\"wp-block-heading\">Green, green, green and green!<\/h3>\n\n\n\n<p>Non \u00e8 uno slogan ecologista ma piuttosto un grido di liberazione,  o forse un inno alla fresca leggerezza delle <strong>note verdi<\/strong>. E&#8217; questo che <a href=\"https:\/\/www.profumeriacauli.com\/brand\/336-miller-et-bertaux-paris\" target=\"_blank\" rel=\"noreferrer noopener\">Miller et Bertaux<\/a> comunicano con il loro <strong>Green green green and green<\/strong>, la numero #3 delle variazioni sulla nota Cedro sperimentate da questo brand di nicchia. <\/p>\n\n\n\n<p><a href=\"https:\/\/www.profumeriacauli.com\/desideri-olfattivi\/verde-o-erbaceo-27\"><strong>Verde<\/strong><\/a> \u00e8 usato come aggettivo per descrivere una fragranza dalle <a href=\"https:\/\/www.profumeriacauli.com\/desideri-olfattivi\/verde-o-erbaceo-27\" target=\"_blank\" rel=\"noreferrer noopener\"><strong>note erbacee<\/strong><\/a> e fresche, quelle che esprimono elementi vegetali, come la Verbena e le sfumature fredde e intense del Lentischio, protagonisti di questa fragranza originale e frizzante.<\/p>\n\n\n<div class=\"wp-block-image\">\n<figure class=\"aligncenter size-full\"><a href=\"https:\/\/www.profumeriacauli.com\/443-green-green-green-and-green-miller-et-bertaux-edp-100-ml.html\" target=\"_blank\" rel=\"noreferrer noopener\"><img decoding=\"async\" width=\"313\" height=\"313\" data-src=\"https:\/\/www.profumeriacauli.com\/blog\/wp-content\/uploads\/2022\/12\/Green-Green-Green.png\" alt=\"Green green green and green Miller et Bertaux \" class=\"wp-image-5015 lazyload\" data-srcset=\"https:\/\/www.profumeriacauli.com\/blog\/wp-content\/uploads\/2022\/12\/Green-Green-Green.png 313w, https:\/\/www.profumeriacauli.com\/blog\/wp-content\/uploads\/2022\/12\/Green-Green-Green-300x300.png 300w, https:\/\/www.profumeriacauli.com\/blog\/wp-content\/uploads\/2022\/12\/Green-Green-Green-150x150.png 150w\" data-sizes=\"(max-width: 313px) 100vw, 313px\" src=\"data:image\/svg+xml;base64,PHN2ZyB3aWR0aD0iMSIgaGVpZ2h0PSIxIiB4bWxucz0iaHR0cDovL3d3dy53My5vcmcvMjAwMC9zdmciPjwvc3ZnPg==\" style=\"--smush-placeholder-width: 313px; --smush-placeholder-aspect-ratio: 313\/313;\" \/><\/a><figcaption class=\"wp-element-caption\"><a href=\"https:\/\/www.profumeriacauli.com\/443-green-green-green-and-green-miller-et-bertaux-edp-100-ml.html\" target=\"_blank\" rel=\"noreferrer noopener\">Green green green and green Miller et Bertaux<\/a> <\/figcaption><\/figure>\n<\/div>\n\n\n<h3 class=\"wp-block-heading\">Rose rosse e passione travolgente<\/h3>\n\n\n\n<p>Pensa a una rosa e dimmi di che colore \u00e8. Molto probabilmente hai pensato a una <strong>rosa rossa<\/strong>, la tipica rappresentazione di questo fiore nella veste pi\u00f9 passionale che c&#8217;\u00e8: petali carminio vellutati dal <strong>profumo profondo e sensuale<\/strong>. E&#8217; cos\u00ec che Edouard Fl\u00e9chier ci racconta <strong>Rose Tonnerre per Editions de Parfums Frederic Malle<\/strong>. <\/p>\n\n\n\n<p>Al centro del profumo, una <a href=\"https:\/\/www.profumeriacauli.com\/ingredienti\/rosa-14\" target=\"_blank\" rel=\"noreferrer noopener\">rosa rossa<\/a> attorno a cui ruotano sentori terrosi di Tartufo e poi la profondit\u00e0 legnosa di Vetiver e Patchouli resa ancora pi\u00f9 dark da note animali che di castoreum. Una fragranza originale per una personalit\u00e0 noir.<\/p>\n\n\n<div class=\"wp-block-image\">\n<figure class=\"aligncenter size-full\"><a href=\"https:\/\/www.profumeriacauli.com\/3198-507-rose-tonnerre-frederic-malle-edp.html\" target=\"_blank\" rel=\"noreferrer noopener\"><img decoding=\"async\" width=\"313\" height=\"313\" data-src=\"https:\/\/www.profumeriacauli.com\/blog\/wp-content\/uploads\/2022\/12\/Rose-Tonnerre-1.png\" alt=\"Rose Tonnerre di Editions de Parfums Frederic Malle\" class=\"wp-image-5022 lazyload\" data-srcset=\"https:\/\/www.profumeriacauli.com\/blog\/wp-content\/uploads\/2022\/12\/Rose-Tonnerre-1.png 313w, https:\/\/www.profumeriacauli.com\/blog\/wp-content\/uploads\/2022\/12\/Rose-Tonnerre-1-300x300.png 300w, https:\/\/www.profumeriacauli.com\/blog\/wp-content\/uploads\/2022\/12\/Rose-Tonnerre-1-150x150.png 150w\" data-sizes=\"(max-width: 313px) 100vw, 313px\" src=\"data:image\/svg+xml;base64,PHN2ZyB3aWR0aD0iMSIgaGVpZ2h0PSIxIiB4bWxucz0iaHR0cDovL3d3dy53My5vcmcvMjAwMC9zdmciPjwvc3ZnPg==\" style=\"--smush-placeholder-width: 313px; --smush-placeholder-aspect-ratio: 313\/313;\" \/><\/a><figcaption class=\"wp-element-caption\"><a href=\"https:\/\/www.profumeriacauli.com\/3198-507-rose-tonnerre-frederic-malle-edp.html#\/12-formati-100_ml\" target=\"_blank\" rel=\"noreferrer noopener\">Rose Tonnerre &#8211; Editions de Parfums Frederic Malle<\/a><\/figcaption><\/figure>\n<\/div>\n\n\n<h3 class=\"wp-block-heading\">Azzurro come il Mare Egeo <\/h3>\n\n\n\n<p>Quando parliamo della sfumatura del colore azzurro ci sono due cose a cui pensiamo di pi\u00f9: il Principe o il mare. Questa volta ci sentiamo di lasciar stare il Principe alle sue lotte per la principessa e preferiamo sognare le azzurre acque cristalline del Mar Egeo, accarezzati da una brezza che sa tanto di <a href=\"https:\/\/www.profumeriacauli.com\/2918-392-ege-nishane-50-ml-edp.html#\/8-formati-50_ml\" target=\"_blank\" rel=\"noreferrer noopener\">Ege<\/a>, il profumo di <a href=\"https:\/\/www.profumeriacauli.com\/brand\/395-nishane\">Nishane<\/a> che ci racconta questo mare.<\/p>\n\n\n\n<p><strong>Ege di Nishane<\/strong> ci fa veleggiare lentamente sulle onde, mentre guardiamo il cielo, anche lui <strong>azzurro<\/strong>, e il profumo della <strong>macchia mediterranea<\/strong>, selvaggia e arida, ci trafigge il cuore.<\/p>\n\n\n\n\n\n<h3 class=\"wp-block-heading\">Riscaldiamoci al calore del Giallo<\/h3>\n\n\n\n<p>Il <strong>colore giallo <\/strong>\u00e8, per definizione, un colore caldo. Anche in pittura si usa il giallo per scaldare le tonalit\u00e0 di alcune tinte. La profumeria sfrutta le stesse regole, e quando ci troviamo davanti a un profumo che definiamo caldo, pensiamo d&#8217;istinto ai toni del giallo.<\/p>\n\n\n\n<p>E&#8217; quello che accade quando sentiamo <strong>Soulle Ambar di Floris London<\/strong>. Una <strong>fragranza solare e allegra<\/strong> che ci fa sentire il calore del vento dell&#8217;Est.<\/p>\n\n\n\n<p>Note olfattive di fieno, ambra e spezie avvolgono in un abbraccio sensuale che sa&#8217; d&#8217;estate e di <a href=\"https:\/\/www.profumeriacauli.com\/desideri-olfattivi\/orientale-e-ambrato-30\" target=\"_blank\" rel=\"noreferrer noopener\">notti d&#8217;Oriente<\/a>.<\/p>\n\n\n<div class=\"wp-block-image\">\n<figure class=\"aligncenter size-full\"><a href=\"https:\/\/www.profumeriacauli.com\/2756-267-soulle-ambar-edt-floris-london.html#\/12-formati-100_ml\" target=\"_blank\" rel=\"noreferrer noopener\"><img decoding=\"async\" width=\"313\" height=\"313\" data-src=\"https:\/\/www.profumeriacauli.com\/blog\/wp-content\/uploads\/2022\/12\/Sulle-ambar.png\" alt=\"Soulle Ambar di Floris London\" class=\"wp-image-5017 lazyload\" data-srcset=\"https:\/\/www.profumeriacauli.com\/blog\/wp-content\/uploads\/2022\/12\/Sulle-ambar.png 313w, https:\/\/www.profumeriacauli.com\/blog\/wp-content\/uploads\/2022\/12\/Sulle-ambar-300x300.png 300w, https:\/\/www.profumeriacauli.com\/blog\/wp-content\/uploads\/2022\/12\/Sulle-ambar-150x150.png 150w\" data-sizes=\"(max-width: 313px) 100vw, 313px\" src=\"data:image\/svg+xml;base64,PHN2ZyB3aWR0aD0iMSIgaGVpZ2h0PSIxIiB4bWxucz0iaHR0cDovL3d3dy53My5vcmcvMjAwMC9zdmciPjwvc3ZnPg==\" style=\"--smush-placeholder-width: 313px; --smush-placeholder-aspect-ratio: 313\/313;\" \/><\/a><figcaption class=\"wp-element-caption\"><a href=\"https:\/\/www.profumeriacauli.com\/2756-267-soulle-ambar-edt-floris-london.html\" target=\"_blank\" rel=\"noreferrer noopener\">Soulle Ambar &#8211; Floris London<\/a><\/figcaption><\/figure>\n<\/div>\n\n\n<p>E tu vuoi dirci quale \u00e8 il tuo colore preferito?<\/p>\n<!-- AddThis Advanced Settings generic via filter on the_content --><!-- AddThis Share Buttons generic via filter on the_content -->","protected":false},"excerpt":{"rendered":"<p>Spazio all&#8217;immaginazione: entrano in scena i colori E&#8217; pratica comune annusare a occhi chiusi. Questo perch\u00e9 \u00e8 pi\u00f9 facile connettersi al proprio senso dell&#8217;olfatto quando non si \u00e8 disturbati da altri sensi come la vista, per esempio. In questo modo sar\u00e0 il naso a guidare le nostre sensazioni nell&#8217;atto di &#8220;sentire&#8221; il profumo. Il sentire, [&hellip;]<!-- AddThis Advanced Settings generic via filter on get_the_excerpt --><!-- AddThis Share Buttons generic via filter on get_the_excerpt --><\/p>\n","protected":false},"author":4,"featured_media":0,"comment_status":"open","ping_status":"open","sticky":false,"template":"","format":"standard","meta":{"_exactmetrics_skip_tracking":false,"_exactmetrics_sitenote_active":false,"_exactmetrics_sitenote_note":"","_exactmetrics_sitenote_category":0,"footnotes":""},"categories":[5,7,6,216],"tags":[],"class_list":["post-5011","post","type-post","status-publish","format-standard","hentry","category-profumi-da-donna","category-profumi-uomo","category-profumi-di-lusso","category-profumi-di-nicchia-francesi"],"yoast_head":"<!-- This site is optimized with the Yoast SEO plugin v27.4 - https:\/\/yoast.com\/product\/yoast-seo-wordpress\/ -->\n<title>Un profumo per ogni colore - Profumeria Cauli<\/title>\n<meta name=\"description\" content=\"Abbiamo provato a dare un colore a ciascun profumo: scopri insieme a noi le associazioni, leggi il blog di Profumeria Cauli.\" \/>\n<meta name=\"robots\" content=\"index, follow, max-snippet:-1, max-image-preview:large, max-video-preview:-1\" \/>\n<link rel=\"canonical\" href=\"https:\/\/www.profumeriacauli.com\/blog\/a-ogni-profumo-un-colore\/\" \/>\n<meta property=\"og:locale\" content=\"it_IT\" \/>\n<meta property=\"og:type\" content=\"article\" \/>\n<meta property=\"og:title\" content=\"Un profumo per ogni colore - Profumeria Cauli\" \/>\n<meta property=\"og:description\" content=\"Abbiamo provato a dare un colore a ciascun profumo: scopri insieme a noi le associazioni, leggi il blog di Profumeria Cauli.\" \/>\n<meta property=\"og:url\" content=\"https:\/\/www.profumeriacauli.com\/blog\/a-ogni-profumo-un-colore\/\" \/>\n<meta property=\"og:site_name\" content=\"Profumeria Cauli\" \/>\n<meta property=\"article:published_time\" content=\"2022-12-16T16:01:45+00:00\" \/>\n<meta property=\"article:modified_time\" content=\"2025-08-11T14:21:07+00:00\" \/>\n<meta property=\"og:image\" content=\"https:\/\/www.profumeriacauli.com\/blog\/wp-content\/uploads\/2022\/12\/Green-Green-Green.png\" \/>\n\t<meta property=\"og:image:width\" content=\"313\" \/>\n\t<meta property=\"og:image:height\" content=\"313\" \/>\n\t<meta property=\"og:image:type\" content=\"image\/png\" \/>\n<meta name=\"author\" content=\"Profumeria Cauli\" \/>\n<meta name=\"twitter:card\" content=\"summary_large_image\" \/>\n<meta name=\"twitter:label1\" content=\"Scritto da\" \/>\n\t<meta name=\"twitter:data1\" content=\"Profumeria Cauli\" \/>\n\t<meta name=\"twitter:label2\" content=\"Tempo di lettura stimato\" \/>\n\t<meta name=\"twitter:data2\" content=\"4 minuti\" \/>\n<script type=\"application\/ld+json\" class=\"yoast-schema-graph\">{\"@context\":\"https:\\\/\\\/schema.org\",\"@graph\":[{\"@type\":\"Article\",\"@id\":\"https:\\\/\\\/www.profumeriacauli.com\\\/blog\\\/a-ogni-profumo-un-colore\\\/#article\",\"isPartOf\":{\"@id\":\"https:\\\/\\\/www.profumeriacauli.com\\\/blog\\\/a-ogni-profumo-un-colore\\\/\"},\"author\":{\"name\":\"Profumeria Cauli\",\"@id\":\"https:\\\/\\\/www.profumeriacauli.com\\\/blog\\\/#\\\/schema\\\/person\\\/3c06cf8107f54bb450ba5414f9221cb8\"},\"headline\":\"Un profumo per ogni colore\",\"datePublished\":\"2022-12-16T16:01:45+00:00\",\"dateModified\":\"2025-08-11T14:21:07+00:00\",\"mainEntityOfPage\":{\"@id\":\"https:\\\/\\\/www.profumeriacauli.com\\\/blog\\\/a-ogni-profumo-un-colore\\\/\"},\"wordCount\":555,\"commentCount\":0,\"image\":{\"@id\":\"https:\\\/\\\/www.profumeriacauli.com\\\/blog\\\/a-ogni-profumo-un-colore\\\/#primaryimage\"},\"thumbnailUrl\":\"https:\\\/\\\/www.profumeriacauli.com\\\/blog\\\/wp-content\\\/uploads\\\/2022\\\/12\\\/Green-Green-Green.png\",\"articleSection\":[\"Profumi da donna\",\"Profumi da uomo\",\"Profumi di Lusso\",\"Profumi di nicchia francesi\"],\"inLanguage\":\"it-IT\",\"potentialAction\":[{\"@type\":\"CommentAction\",\"name\":\"Comment\",\"target\":[\"https:\\\/\\\/www.profumeriacauli.com\\\/blog\\\/a-ogni-profumo-un-colore\\\/#respond\"]}]},{\"@type\":\"WebPage\",\"@id\":\"https:\\\/\\\/www.profumeriacauli.com\\\/blog\\\/a-ogni-profumo-un-colore\\\/\",\"url\":\"https:\\\/\\\/www.profumeriacauli.com\\\/blog\\\/a-ogni-profumo-un-colore\\\/\",\"name\":\"Un profumo per ogni colore - Profumeria Cauli\",\"isPartOf\":{\"@id\":\"https:\\\/\\\/www.profumeriacauli.com\\\/blog\\\/#website\"},\"primaryImageOfPage\":{\"@id\":\"https:\\\/\\\/www.profumeriacauli.com\\\/blog\\\/a-ogni-profumo-un-colore\\\/#primaryimage\"},\"image\":{\"@id\":\"https:\\\/\\\/www.profumeriacauli.com\\\/blog\\\/a-ogni-profumo-un-colore\\\/#primaryimage\"},\"thumbnailUrl\":\"https:\\\/\\\/www.profumeriacauli.com\\\/blog\\\/wp-content\\\/uploads\\\/2022\\\/12\\\/Green-Green-Green.png\",\"datePublished\":\"2022-12-16T16:01:45+00:00\",\"dateModified\":\"2025-08-11T14:21:07+00:00\",\"author\":{\"@id\":\"https:\\\/\\\/www.profumeriacauli.com\\\/blog\\\/#\\\/schema\\\/person\\\/3c06cf8107f54bb450ba5414f9221cb8\"},\"description\":\"Abbiamo provato a dare un colore a ciascun profumo: scopri insieme a noi le associazioni, leggi il blog di Profumeria Cauli.\",\"breadcrumb\":{\"@id\":\"https:\\\/\\\/www.profumeriacauli.com\\\/blog\\\/a-ogni-profumo-un-colore\\\/#breadcrumb\"},\"inLanguage\":\"it-IT\",\"potentialAction\":[{\"@type\":\"ReadAction\",\"target\":[\"https:\\\/\\\/www.profumeriacauli.com\\\/blog\\\/a-ogni-profumo-un-colore\\\/\"]}]},{\"@type\":\"ImageObject\",\"inLanguage\":\"it-IT\",\"@id\":\"https:\\\/\\\/www.profumeriacauli.com\\\/blog\\\/a-ogni-profumo-un-colore\\\/#primaryimage\",\"url\":\"https:\\\/\\\/www.profumeriacauli.com\\\/blog\\\/wp-content\\\/uploads\\\/2022\\\/12\\\/Green-Green-Green.png\",\"contentUrl\":\"https:\\\/\\\/www.profumeriacauli.com\\\/blog\\\/wp-content\\\/uploads\\\/2022\\\/12\\\/Green-Green-Green.png\",\"width\":313,\"height\":313},{\"@type\":\"BreadcrumbList\",\"@id\":\"https:\\\/\\\/www.profumeriacauli.com\\\/blog\\\/a-ogni-profumo-un-colore\\\/#breadcrumb\",\"itemListElement\":[{\"@type\":\"ListItem\",\"position\":1,\"name\":\"Home\",\"item\":\"https:\\\/\\\/www.profumeriacauli.com\\\/blog\\\/\"},{\"@type\":\"ListItem\",\"position\":2,\"name\":\"Un profumo per ogni colore\"}]},{\"@type\":\"WebSite\",\"@id\":\"https:\\\/\\\/www.profumeriacauli.com\\\/blog\\\/#website\",\"url\":\"https:\\\/\\\/www.profumeriacauli.com\\\/blog\\\/\",\"name\":\"Profumeria Cauli\",\"description\":\"Blog su profumi di nicchia e profumeria di lusso\",\"potentialAction\":[{\"@type\":\"SearchAction\",\"target\":{\"@type\":\"EntryPoint\",\"urlTemplate\":\"https:\\\/\\\/www.profumeriacauli.com\\\/blog\\\/?s={search_term_string}\"},\"query-input\":{\"@type\":\"PropertyValueSpecification\",\"valueRequired\":true,\"valueName\":\"search_term_string\"}}],\"inLanguage\":\"it-IT\"},{\"@type\":\"Person\",\"@id\":\"https:\\\/\\\/www.profumeriacauli.com\\\/blog\\\/#\\\/schema\\\/person\\\/3c06cf8107f54bb450ba5414f9221cb8\",\"name\":\"Profumeria Cauli\",\"image\":{\"@type\":\"ImageObject\",\"inLanguage\":\"it-IT\",\"@id\":\"https:\\\/\\\/secure.gravatar.com\\\/avatar\\\/ffba339d2ed0c9f057bcd11bcbaf7c6aac4c267e20e792b0f219a4a9d7c59caa?s=96&d=mm&r=g\",\"url\":\"https:\\\/\\\/secure.gravatar.com\\\/avatar\\\/ffba339d2ed0c9f057bcd11bcbaf7c6aac4c267e20e792b0f219a4a9d7c59caa?s=96&d=mm&r=g\",\"contentUrl\":\"https:\\\/\\\/secure.gravatar.com\\\/avatar\\\/ffba339d2ed0c9f057bcd11bcbaf7c6aac4c267e20e792b0f219a4a9d7c59caa?s=96&d=mm&r=g\",\"caption\":\"Profumeria Cauli\"},\"url\":\"https:\\\/\\\/www.profumeriacauli.com\\\/blog\\\/author\\\/profumeriacauli\\\/\"}]}<\/script>\n<!-- \/ Yoast SEO plugin. -->","yoast_head_json":{"title":"Un profumo per ogni colore - Profumeria Cauli","description":"Abbiamo provato a dare un colore a ciascun profumo: scopri insieme a noi le associazioni, leggi il blog di Profumeria Cauli.","robots":{"index":"index","follow":"follow","max-snippet":"max-snippet:-1","max-image-preview":"max-image-preview:large","max-video-preview":"max-video-preview:-1"},"canonical":"https:\/\/www.profumeriacauli.com\/blog\/a-ogni-profumo-un-colore\/","og_locale":"it_IT","og_type":"article","og_title":"Un profumo per ogni colore - Profumeria Cauli","og_description":"Abbiamo provato a dare un colore a ciascun profumo: scopri insieme a noi le associazioni, leggi il blog di Profumeria Cauli.","og_url":"https:\/\/www.profumeriacauli.com\/blog\/a-ogni-profumo-un-colore\/","og_site_name":"Profumeria Cauli","article_published_time":"2022-12-16T16:01:45+00:00","article_modified_time":"2025-08-11T14:21:07+00:00","og_image":[{"width":313,"height":313,"url":"https:\/\/www.profumeriacauli.com\/blog\/wp-content\/uploads\/2022\/12\/Green-Green-Green.png","type":"image\/png"}],"author":"Profumeria Cauli","twitter_card":"summary_large_image","twitter_misc":{"Scritto da":"Profumeria Cauli","Tempo di lettura stimato":"4 minuti"},"schema":{"@context":"https:\/\/schema.org","@graph":[{"@type":"Article","@id":"https:\/\/www.profumeriacauli.com\/blog\/a-ogni-profumo-un-colore\/#article","isPartOf":{"@id":"https:\/\/www.profumeriacauli.com\/blog\/a-ogni-profumo-un-colore\/"},"author":{"name":"Profumeria Cauli","@id":"https:\/\/www.profumeriacauli.com\/blog\/#\/schema\/person\/3c06cf8107f54bb450ba5414f9221cb8"},"headline":"Un profumo per ogni colore","datePublished":"2022-12-16T16:01:45+00:00","dateModified":"2025-08-11T14:21:07+00:00","mainEntityOfPage":{"@id":"https:\/\/www.profumeriacauli.com\/blog\/a-ogni-profumo-un-colore\/"},"wordCount":555,"commentCount":0,"image":{"@id":"https:\/\/www.profumeriacauli.com\/blog\/a-ogni-profumo-un-colore\/#primaryimage"},"thumbnailUrl":"https:\/\/www.profumeriacauli.com\/blog\/wp-content\/uploads\/2022\/12\/Green-Green-Green.png","articleSection":["Profumi da donna","Profumi da uomo","Profumi di Lusso","Profumi di nicchia francesi"],"inLanguage":"it-IT","potentialAction":[{"@type":"CommentAction","name":"Comment","target":["https:\/\/www.profumeriacauli.com\/blog\/a-ogni-profumo-un-colore\/#respond"]}]},{"@type":"WebPage","@id":"https:\/\/www.profumeriacauli.com\/blog\/a-ogni-profumo-un-colore\/","url":"https:\/\/www.profumeriacauli.com\/blog\/a-ogni-profumo-un-colore\/","name":"Un profumo per ogni colore - Profumeria Cauli","isPartOf":{"@id":"https:\/\/www.profumeriacauli.com\/blog\/#website"},"primaryImageOfPage":{"@id":"https:\/\/www.profumeriacauli.com\/blog\/a-ogni-profumo-un-colore\/#primaryimage"},"image":{"@id":"https:\/\/www.profumeriacauli.com\/blog\/a-ogni-profumo-un-colore\/#primaryimage"},"thumbnailUrl":"https:\/\/www.profumeriacauli.com\/blog\/wp-content\/uploads\/2022\/12\/Green-Green-Green.png","datePublished":"2022-12-16T16:01:45+00:00","dateModified":"2025-08-11T14:21:07+00:00","author":{"@id":"https:\/\/www.profumeriacauli.com\/blog\/#\/schema\/person\/3c06cf8107f54bb450ba5414f9221cb8"},"description":"Abbiamo provato a dare un colore a ciascun profumo: scopri insieme a noi le associazioni, leggi il blog di Profumeria Cauli.","breadcrumb":{"@id":"https:\/\/www.profumeriacauli.com\/blog\/a-ogni-profumo-un-colore\/#breadcrumb"},"inLanguage":"it-IT","potentialAction":[{"@type":"ReadAction","target":["https:\/\/www.profumeriacauli.com\/blog\/a-ogni-profumo-un-colore\/"]}]},{"@type":"ImageObject","inLanguage":"it-IT","@id":"https:\/\/www.profumeriacauli.com\/blog\/a-ogni-profumo-un-colore\/#primaryimage","url":"https:\/\/www.profumeriacauli.com\/blog\/wp-content\/uploads\/2022\/12\/Green-Green-Green.png","contentUrl":"https:\/\/www.profumeriacauli.com\/blog\/wp-content\/uploads\/2022\/12\/Green-Green-Green.png","width":313,"height":313},{"@type":"BreadcrumbList","@id":"https:\/\/www.profumeriacauli.com\/blog\/a-ogni-profumo-un-colore\/#breadcrumb","itemListElement":[{"@type":"ListItem","position":1,"name":"Home","item":"https:\/\/www.profumeriacauli.com\/blog\/"},{"@type":"ListItem","position":2,"name":"Un profumo per ogni colore"}]},{"@type":"WebSite","@id":"https:\/\/www.profumeriacauli.com\/blog\/#website","url":"https:\/\/www.profumeriacauli.com\/blog\/","name":"Profumeria Cauli","description":"Blog su profumi di nicchia e profumeria di lusso","potentialAction":[{"@type":"SearchAction","target":{"@type":"EntryPoint","urlTemplate":"https:\/\/www.profumeriacauli.com\/blog\/?s={search_term_string}"},"query-input":{"@type":"PropertyValueSpecification","valueRequired":true,"valueName":"search_term_string"}}],"inLanguage":"it-IT"},{"@type":"Person","@id":"https:\/\/www.profumeriacauli.com\/blog\/#\/schema\/person\/3c06cf8107f54bb450ba5414f9221cb8","name":"Profumeria Cauli","image":{"@type":"ImageObject","inLanguage":"it-IT","@id":"https:\/\/secure.gravatar.com\/avatar\/ffba339d2ed0c9f057bcd11bcbaf7c6aac4c267e20e792b0f219a4a9d7c59caa?s=96&d=mm&r=g","url":"https:\/\/secure.gravatar.com\/avatar\/ffba339d2ed0c9f057bcd11bcbaf7c6aac4c267e20e792b0f219a4a9d7c59caa?s=96&d=mm&r=g","contentUrl":"https:\/\/secure.gravatar.com\/avatar\/ffba339d2ed0c9f057bcd11bcbaf7c6aac4c267e20e792b0f219a4a9d7c59caa?s=96&d=mm&r=g","caption":"Profumeria Cauli"},"url":"https:\/\/www.profumeriacauli.com\/blog\/author\/profumeriacauli\/"}]}},"_links":{"self":[{"href":"https:\/\/www.profumeriacauli.com\/blog\/wp-json\/wp\/v2\/posts\/5011","targetHints":{"allow":["GET"]}}],"collection":[{"href":"https:\/\/www.profumeriacauli.com\/blog\/wp-json\/wp\/v2\/posts"}],"about":[{"href":"https:\/\/www.profumeriacauli.com\/blog\/wp-json\/wp\/v2\/types\/post"}],"author":[{"embeddable":true,"href":"https:\/\/www.profumeriacauli.com\/blog\/wp-json\/wp\/v2\/users\/4"}],"replies":[{"embeddable":true,"href":"https:\/\/www.profumeriacauli.com\/blog\/wp-json\/wp\/v2\/comments?post=5011"}],"version-history":[{"count":12,"href":"https:\/\/www.profumeriacauli.com\/blog\/wp-json\/wp\/v2\/posts\/5011\/revisions"}],"predecessor-version":[{"id":6519,"href":"https:\/\/www.profumeriacauli.com\/blog\/wp-json\/wp\/v2\/posts\/5011\/revisions\/6519"}],"wp:attachment":[{"href":"https:\/\/www.profumeriacauli.com\/blog\/wp-json\/wp\/v2\/media?parent=5011"}],"wp:term":[{"taxonomy":"category","embeddable":true,"href":"https:\/\/www.profumeriacauli.com\/blog\/wp-json\/wp\/v2\/categories?post=5011"},{"taxonomy":"post_tag","embeddable":true,"href":"https:\/\/www.profumeriacauli.com\/blog\/wp-json\/wp\/v2\/tags?post=5011"}],"curies":[{"name":"wp","href":"https:\/\/api.w.org\/{rel}","templated":true}]}}