{"id":2005,"date":"2018-11-14T09:00:41","date_gmt":"2018-11-14T08:00:41","guid":{"rendered":"https:\/\/blog.profumeriacauli.it\/?p=2005"},"modified":"2021-12-16T13:15:35","modified_gmt":"2021-12-16T12:15:35","slug":"creed-aventus-uomo-profumo-dallanimo-deciso-virile","status":"publish","type":"post","link":"https:\/\/www.profumeriacauli.com\/blog\/creed-aventus-uomo-profumo-dallanimo-deciso-virile\/","title":{"rendered":"Creed Aventus Uomo: il profumo dall&#8217;animo deciso e virile"},"content":{"rendered":"<p>Descrivere il <strong>profumo Creed Aventus Uomo<\/strong> \u00e8 difficile per tante ragioni: la prima \u00e8 che questa prestigiosa<em> fragranza maschile<\/em> rappresenta un classico della profumeria artistica, sarebbe quasi come descrivere la Divina Commedia ad una persona che non la conosce. Da dove inizieresti?<\/p>\n<p><!--more--><\/p>\n<p>Il secondo motivo \u00e8 che questo jus riesce a raccontarsi da s\u00e8, un po&#8217; per la sua storia controversa, un po&#8217; per le note che lo compongono.<\/p>\n<p><a href=\"https:\/\/www.profumeriacauli.com\/485-Aventus-CREED-EDP.html\" target=\"_blank\" rel=\"noopener\"><strong>Aventus di Creed<\/strong><\/a> o lo ami o lo odi, e\u00a0questa \u00e8 la cifra stilistica dei grandi capolavori, quelli capaci di influenzare la societ\u00e0, andando aldil\u00e0 del tempo. Come i grandi condottieri e imperatori. Nonostante l&#8217;impresa sia ardua, oggi vogliamo raccontare questa cartolina olfattiva a chi ancora non la conosce o ne ha sentito parlare.<\/p>\n<p>Se ti ha sempre incuriosito, ora \u00e8 il momento di rompere il ghiaccio e scoprire cosa si nasconde dietro <strong>Creed Aventus Uomo<\/strong>, <strong>profumo maschile<\/strong> dall&#8217;animo deciso e virile.<\/p>\n<h2>Creed Aventus: IL profumo da UOMO<\/h2>\n<p>La composizione venne lanciata sul mercato nel 2010. In questa occasione, il marchio<strong> <a title=\"Creed Aventus Uomo\" href=\"https:\/\/www.profumeriacauli.com\/blog\/profumi-creed-per-uomo-quale-scegliere\/\" target=\"_blank\" rel=\"noopener noreferrer\">Creed<\/a><\/strong> ha puntato su una declinazione di genere e questa \u00e8 stata una mossa decisamente vincente. In poco tempo, <strong>Aventus<\/strong> \u00e8 diventato uno dei<a href=\"https:\/\/www.profumeriacauli.com\/s\/6\/profumi-uomo-creed\" target=\"_blank\" rel=\"noopener\"><strong> profumi Creed da uomo<\/strong><\/a> per eccellenza, capace di incarnare tutte le sfumature dell&#8217;essere maschile: virilit\u00e0, passione, sicurezza&#8230;<\/p>\n<p><strong>Aventus<\/strong> \u00e8 il profumo pensato per un uomo destinato al potere e al successo, un uomo focalizzato sulla realizzazione delle proprie ambizioni, che persegue i propri valori, senza per\u00f2 essere sfiorato dal machismo.<\/p>\n<p>Tutto suggerisce\u00a0l&#8217;immagine di uomo, serio, essenziale ma d&#8217;impatto. Ad iniziare dalla confezione: una scatola nera, con impressa l&#8217;immagine di un condottiero color argento. Naturalmente, l&#8217;estetica del flacone \u00e8 quella tradizionale di <strong>Creed<\/strong>, su cui viene mostrato il nome del profumo. <strong>Aventus<\/strong> richiama\u00a0la locuzione latina &#8220;<em>A Ventus<\/em>&#8221; e vuole indicare la capacit\u00e0 di un abile condottiero di raggiungere i propri obiettivi con una sicurezza\u00a0tale che sembra essere &#8220;<em>mosso dal vento<\/em>&#8220;.<\/p>\n<p>La composizione\u00a0sembra narrare quindi la storia di un grande condottiero in grado di cambiare le sorti dell&#8217;Umanit\u00e0, un personaggio quasi storico e mitologico,\u00a0ispirato a\u00a0<strong>Napoleone Bonaparte<\/strong>.<\/p>\n<p>Insomma, questo profumo \u00e8 cos\u00ec incisivo che il grande Imperatore se ne sarebbe innamorato. O almeno cos\u00ec afferma lo Storytelling di Creed!<\/p>\n<p>La verit\u00e0 \u00e8 che basta annusarlo per sentirsi conquistati.<\/p>\n<h3>Creed Aventus Uomo: il profumo da uomo nato per conquistare!<\/h3>\n<p>Tutto inizia con le note di testa, che sembrano fatte a posta per attirare l&#8217;attenzione. Abbiamo infatti un accordo costituito da fiori di bergamotto e cassis, che rendono la fragranza amara e aspra come un limone.\u00a0Questa sensazione \u00e8 subito alleggerita e arrotondata dalle note di mela e ananas che rendono le note di testa pi\u00f9 immediate, istintive&#8230; &#8220;animali&#8221;.<\/p>\n<p>Nel cuore viene svelato lo <a href=\"https:\/\/www.profumeriacauli.com\/desideri-olfattivi\/legnoso-5\"><strong>spirito legnoso del profumo<\/strong><\/a>. Le <a href=\"https:\/\/www.profumeriacauli.com\/ingredienti\/patchouli-15\">note di patchouli<\/a>, sono accostate a quelle di ginepro, betulla e <a href=\"https:\/\/www.profumeriacauli.com\/ingredienti\/cuoio-32\" target=\"_blank\" rel=\"noopener\">cuoio<\/a>, accompagnate da un tocco di fiori bianchi.<\/p>\n<p>Il profumo si chiude con sentori di ambra grigia, ambra, e note di muschio.<\/p>\n<p>Questa delizia racchiude tutti i desideri olfattivi che solitamente fanno presa sul <strong>pubblico maschile:<\/strong>\u00a0l&#8217;immediatezza, la freschezza, il tepore ma anche la <a href=\"https:\/\/www.profumeriacauli.com\/desideri-olfattivi\/sensuale-1\">sensualit\u00e0<\/a>.<\/p>\n<p><strong>Aventus<\/strong> \u00e8 quindi un pezzo della collezione fondamentale per gli amanti della <em>profumeria artistica<\/em>, ma \u00e8 anche &#8220;simbolo&#8221; da possedere e regalare ad un uomo sicuro di s\u00e8 e votato al successo.<\/p>\n<p>Vuoi annusare e indossare questa fragranza? Acquista ora <a href=\"https:\/\/www.profumeriacauli.com\/485-Aventus-CREED-EDP.html\" target=\"_blank\" rel=\"noopener\"><strong>Creed Aventus Uomo<\/strong><\/a> nella nostra <a href=\"https:\/\/www.profumeriacauli.com\/\" target=\"_blank\" rel=\"noopener\"><strong>profumeria online<\/strong><\/a>!<\/p>\n<p><span class=\"removed_link\" title=\"https:\/\/www.profumeriacauli.com\/store\/1456\/aventus-creed-100-ml.html\"><a href=\"https:\/\/www.profumeriacauli.com\/485-Aventus-CREED-EDP.html\"><img decoding=\"async\" class=\"aligncenter wp-image-1944 size-full lazyload\" title=\"creed aventus uomo\" data-src=\"https:\/\/www.profumeriacauli.com\/blog\/wp-content\/uploads\/2018\/09\/aventus.png\" alt=\"creed aventus uomo\" width=\"560\" height=\"315\" data-srcset=\"https:\/\/www.profumeriacauli.com\/blog\/wp-content\/uploads\/2018\/09\/aventus.png 560w, https:\/\/www.profumeriacauli.com\/blog\/wp-content\/uploads\/2018\/09\/aventus-300x169.png 300w, https:\/\/www.profumeriacauli.com\/blog\/wp-content\/uploads\/2018\/09\/aventus-400x225.png 400w\" data-sizes=\"(max-width: 560px) 100vw, 560px\" src=\"data:image\/svg+xml;base64,PHN2ZyB3aWR0aD0iMSIgaGVpZ2h0PSIxIiB4bWxucz0iaHR0cDovL3d3dy53My5vcmcvMjAwMC9zdmciPjwvc3ZnPg==\" style=\"--smush-placeholder-width: 560px; --smush-placeholder-aspect-ratio: 560\/315;\" \/><\/a><\/span><\/p>\n<!-- AddThis Advanced Settings generic via filter on the_content --><!-- AddThis Share Buttons generic via filter on the_content -->","protected":false},"excerpt":{"rendered":"<p>Descrivere il profumo Creed Aventus Uomo \u00e8 difficile per tante ragioni: la prima \u00e8 che questa prestigiosa fragranza maschile rappresenta un classico della profumeria artistica, sarebbe quasi come descrivere la Divina Commedia ad una persona che non la conosce. Da dove inizieresti?<!-- AddThis Advanced Settings generic via filter on get_the_excerpt --><!-- AddThis Share Buttons generic via filter on get_the_excerpt --><\/p>\n","protected":false},"author":4,"featured_media":2012,"comment_status":"open","ping_status":"open","sticky":false,"template":"","format":"standard","meta":{"_exactmetrics_skip_tracking":false,"_exactmetrics_sitenote_active":false,"_exactmetrics_sitenote_note":"","_exactmetrics_sitenote_category":0,"footnotes":""},"categories":[9,7],"tags":[],"class_list":["post-2005","post","type-post","status-publish","format-standard","has-post-thumbnail","hentry","category-idee-regalo-lui-lei","category-profumi-uomo"],"yoast_head":"<!-- This site is optimized with the Yoast SEO plugin v27.4 - https:\/\/yoast.com\/product\/yoast-seo-wordpress\/ -->\n<title>Creed Aventus Uomo: il profumo dall&#039;animo deciso e virile<\/title>\n<meta name=\"description\" content=\"Creed Aventus Uomo \u00e8 il profumo maschile pensato per un uomo deciso e sicuro di s\u00e8. Ami le fragranze artistiche? Scopri questo famoso profumo da uomo!\" \/>\n<meta name=\"robots\" content=\"index, follow, max-snippet:-1, max-image-preview:large, max-video-preview:-1\" \/>\n<link rel=\"canonical\" href=\"https:\/\/www.profumeriacauli.com\/blog\/creed-aventus-uomo-profumo-dallanimo-deciso-virile\/\" \/>\n<meta property=\"og:locale\" content=\"it_IT\" \/>\n<meta property=\"og:type\" content=\"article\" \/>\n<meta property=\"og:title\" content=\"Creed Aventus Uomo: il profumo dall&#039;animo deciso e virile\" \/>\n<meta property=\"og:description\" content=\"Creed Aventus Uomo \u00e8 il profumo maschile pensato per un uomo deciso e sicuro di s\u00e8. Ami le fragranze artistiche? Scopri questo famoso profumo da uomo!\" \/>\n<meta property=\"og:url\" content=\"https:\/\/www.profumeriacauli.com\/blog\/creed-aventus-uomo-profumo-dallanimo-deciso-virile\/\" \/>\n<meta property=\"og:site_name\" content=\"Profumeria Cauli\" \/>\n<meta property=\"article:published_time\" content=\"2018-11-14T08:00:41+00:00\" \/>\n<meta property=\"article:modified_time\" content=\"2021-12-16T12:15:35+00:00\" \/>\n<meta property=\"og:image\" content=\"https:\/\/www.profumeriacauli.com\/blog\/wp-content\/uploads\/2018\/11\/profumo-creed-aventus-uomo-1.jpg\" \/>\n\t<meta property=\"og:image:width\" content=\"635\" \/>\n\t<meta property=\"og:image:height\" content=\"306\" \/>\n\t<meta property=\"og:image:type\" content=\"image\/jpeg\" \/>\n<meta name=\"author\" content=\"Profumeria Cauli\" \/>\n<meta name=\"twitter:card\" content=\"summary_large_image\" \/>\n<meta name=\"twitter:label1\" content=\"Scritto da\" \/>\n\t<meta name=\"twitter:data1\" content=\"Profumeria Cauli\" \/>\n\t<meta name=\"twitter:label2\" content=\"Tempo di lettura stimato\" \/>\n\t<meta name=\"twitter:data2\" content=\"3 minuti\" \/>\n<script type=\"application\/ld+json\" class=\"yoast-schema-graph\">{\"@context\":\"https:\\\/\\\/schema.org\",\"@graph\":[{\"@type\":\"Article\",\"@id\":\"https:\\\/\\\/www.profumeriacauli.com\\\/blog\\\/creed-aventus-uomo-profumo-dallanimo-deciso-virile\\\/#article\",\"isPartOf\":{\"@id\":\"https:\\\/\\\/www.profumeriacauli.com\\\/blog\\\/creed-aventus-uomo-profumo-dallanimo-deciso-virile\\\/\"},\"author\":{\"name\":\"Profumeria Cauli\",\"@id\":\"https:\\\/\\\/www.profumeriacauli.com\\\/blog\\\/#\\\/schema\\\/person\\\/3c06cf8107f54bb450ba5414f9221cb8\"},\"headline\":\"Creed Aventus Uomo: il profumo dall&#8217;animo deciso e virile\",\"datePublished\":\"2018-11-14T08:00:41+00:00\",\"dateModified\":\"2021-12-16T12:15:35+00:00\",\"mainEntityOfPage\":{\"@id\":\"https:\\\/\\\/www.profumeriacauli.com\\\/blog\\\/creed-aventus-uomo-profumo-dallanimo-deciso-virile\\\/\"},\"wordCount\":563,\"commentCount\":0,\"image\":{\"@id\":\"https:\\\/\\\/www.profumeriacauli.com\\\/blog\\\/creed-aventus-uomo-profumo-dallanimo-deciso-virile\\\/#primaryimage\"},\"thumbnailUrl\":\"https:\\\/\\\/www.profumeriacauli.com\\\/blog\\\/wp-content\\\/uploads\\\/2018\\\/11\\\/profumo-creed-aventus-uomo-1.jpg\",\"articleSection\":[\"Idee regalo lui e lei\",\"Profumi da uomo\"],\"inLanguage\":\"it-IT\",\"potentialAction\":[{\"@type\":\"CommentAction\",\"name\":\"Comment\",\"target\":[\"https:\\\/\\\/www.profumeriacauli.com\\\/blog\\\/creed-aventus-uomo-profumo-dallanimo-deciso-virile\\\/#respond\"]}]},{\"@type\":\"WebPage\",\"@id\":\"https:\\\/\\\/www.profumeriacauli.com\\\/blog\\\/creed-aventus-uomo-profumo-dallanimo-deciso-virile\\\/\",\"url\":\"https:\\\/\\\/www.profumeriacauli.com\\\/blog\\\/creed-aventus-uomo-profumo-dallanimo-deciso-virile\\\/\",\"name\":\"Creed Aventus Uomo: il profumo dall'animo deciso e virile\",\"isPartOf\":{\"@id\":\"https:\\\/\\\/www.profumeriacauli.com\\\/blog\\\/#website\"},\"primaryImageOfPage\":{\"@id\":\"https:\\\/\\\/www.profumeriacauli.com\\\/blog\\\/creed-aventus-uomo-profumo-dallanimo-deciso-virile\\\/#primaryimage\"},\"image\":{\"@id\":\"https:\\\/\\\/www.profumeriacauli.com\\\/blog\\\/creed-aventus-uomo-profumo-dallanimo-deciso-virile\\\/#primaryimage\"},\"thumbnailUrl\":\"https:\\\/\\\/www.profumeriacauli.com\\\/blog\\\/wp-content\\\/uploads\\\/2018\\\/11\\\/profumo-creed-aventus-uomo-1.jpg\",\"datePublished\":\"2018-11-14T08:00:41+00:00\",\"dateModified\":\"2021-12-16T12:15:35+00:00\",\"author\":{\"@id\":\"https:\\\/\\\/www.profumeriacauli.com\\\/blog\\\/#\\\/schema\\\/person\\\/3c06cf8107f54bb450ba5414f9221cb8\"},\"description\":\"Creed Aventus Uomo \u00e8 il profumo maschile pensato per un uomo deciso e sicuro di s\u00e8. Ami le fragranze artistiche? Scopri questo famoso profumo da uomo!\",\"breadcrumb\":{\"@id\":\"https:\\\/\\\/www.profumeriacauli.com\\\/blog\\\/creed-aventus-uomo-profumo-dallanimo-deciso-virile\\\/#breadcrumb\"},\"inLanguage\":\"it-IT\",\"potentialAction\":[{\"@type\":\"ReadAction\",\"target\":[\"https:\\\/\\\/www.profumeriacauli.com\\\/blog\\\/creed-aventus-uomo-profumo-dallanimo-deciso-virile\\\/\"]}]},{\"@type\":\"ImageObject\",\"inLanguage\":\"it-IT\",\"@id\":\"https:\\\/\\\/www.profumeriacauli.com\\\/blog\\\/creed-aventus-uomo-profumo-dallanimo-deciso-virile\\\/#primaryimage\",\"url\":\"https:\\\/\\\/www.profumeriacauli.com\\\/blog\\\/wp-content\\\/uploads\\\/2018\\\/11\\\/profumo-creed-aventus-uomo-1.jpg\",\"contentUrl\":\"https:\\\/\\\/www.profumeriacauli.com\\\/blog\\\/wp-content\\\/uploads\\\/2018\\\/11\\\/profumo-creed-aventus-uomo-1.jpg\",\"width\":635,\"height\":306,\"caption\":\"profumo creed aventus uomo\"},{\"@type\":\"BreadcrumbList\",\"@id\":\"https:\\\/\\\/www.profumeriacauli.com\\\/blog\\\/creed-aventus-uomo-profumo-dallanimo-deciso-virile\\\/#breadcrumb\",\"itemListElement\":[{\"@type\":\"ListItem\",\"position\":1,\"name\":\"Home\",\"item\":\"https:\\\/\\\/www.profumeriacauli.com\\\/blog\\\/\"},{\"@type\":\"ListItem\",\"position\":2,\"name\":\"Creed Aventus Uomo: il profumo dall&#8217;animo deciso e virile\"}]},{\"@type\":\"WebSite\",\"@id\":\"https:\\\/\\\/www.profumeriacauli.com\\\/blog\\\/#website\",\"url\":\"https:\\\/\\\/www.profumeriacauli.com\\\/blog\\\/\",\"name\":\"Profumeria Cauli\",\"description\":\"Blog su profumi di nicchia e profumeria di lusso\",\"potentialAction\":[{\"@type\":\"SearchAction\",\"target\":{\"@type\":\"EntryPoint\",\"urlTemplate\":\"https:\\\/\\\/www.profumeriacauli.com\\\/blog\\\/?s={search_term_string}\"},\"query-input\":{\"@type\":\"PropertyValueSpecification\",\"valueRequired\":true,\"valueName\":\"search_term_string\"}}],\"inLanguage\":\"it-IT\"},{\"@type\":\"Person\",\"@id\":\"https:\\\/\\\/www.profumeriacauli.com\\\/blog\\\/#\\\/schema\\\/person\\\/3c06cf8107f54bb450ba5414f9221cb8\",\"name\":\"Profumeria Cauli\",\"image\":{\"@type\":\"ImageObject\",\"inLanguage\":\"it-IT\",\"@id\":\"https:\\\/\\\/secure.gravatar.com\\\/avatar\\\/ffba339d2ed0c9f057bcd11bcbaf7c6aac4c267e20e792b0f219a4a9d7c59caa?s=96&d=mm&r=g\",\"url\":\"https:\\\/\\\/secure.gravatar.com\\\/avatar\\\/ffba339d2ed0c9f057bcd11bcbaf7c6aac4c267e20e792b0f219a4a9d7c59caa?s=96&d=mm&r=g\",\"contentUrl\":\"https:\\\/\\\/secure.gravatar.com\\\/avatar\\\/ffba339d2ed0c9f057bcd11bcbaf7c6aac4c267e20e792b0f219a4a9d7c59caa?s=96&d=mm&r=g\",\"caption\":\"Profumeria Cauli\"},\"url\":\"https:\\\/\\\/www.profumeriacauli.com\\\/blog\\\/author\\\/profumeriacauli\\\/\"}]}<\/script>\n<!-- \/ Yoast SEO plugin. -->","yoast_head_json":{"title":"Creed Aventus Uomo: il profumo dall'animo deciso e virile","description":"Creed Aventus Uomo \u00e8 il profumo maschile pensato per un uomo deciso e sicuro di s\u00e8. Ami le fragranze artistiche? Scopri questo famoso profumo da uomo!","robots":{"index":"index","follow":"follow","max-snippet":"max-snippet:-1","max-image-preview":"max-image-preview:large","max-video-preview":"max-video-preview:-1"},"canonical":"https:\/\/www.profumeriacauli.com\/blog\/creed-aventus-uomo-profumo-dallanimo-deciso-virile\/","og_locale":"it_IT","og_type":"article","og_title":"Creed Aventus Uomo: il profumo dall'animo deciso e virile","og_description":"Creed Aventus Uomo \u00e8 il profumo maschile pensato per un uomo deciso e sicuro di s\u00e8. Ami le fragranze artistiche? Scopri questo famoso profumo da uomo!","og_url":"https:\/\/www.profumeriacauli.com\/blog\/creed-aventus-uomo-profumo-dallanimo-deciso-virile\/","og_site_name":"Profumeria Cauli","article_published_time":"2018-11-14T08:00:41+00:00","article_modified_time":"2021-12-16T12:15:35+00:00","og_image":[{"width":635,"height":306,"url":"https:\/\/www.profumeriacauli.com\/blog\/wp-content\/uploads\/2018\/11\/profumo-creed-aventus-uomo-1.jpg","type":"image\/jpeg"}],"author":"Profumeria Cauli","twitter_card":"summary_large_image","twitter_misc":{"Scritto da":"Profumeria Cauli","Tempo di lettura stimato":"3 minuti"},"schema":{"@context":"https:\/\/schema.org","@graph":[{"@type":"Article","@id":"https:\/\/www.profumeriacauli.com\/blog\/creed-aventus-uomo-profumo-dallanimo-deciso-virile\/#article","isPartOf":{"@id":"https:\/\/www.profumeriacauli.com\/blog\/creed-aventus-uomo-profumo-dallanimo-deciso-virile\/"},"author":{"name":"Profumeria Cauli","@id":"https:\/\/www.profumeriacauli.com\/blog\/#\/schema\/person\/3c06cf8107f54bb450ba5414f9221cb8"},"headline":"Creed Aventus Uomo: il profumo dall&#8217;animo deciso e virile","datePublished":"2018-11-14T08:00:41+00:00","dateModified":"2021-12-16T12:15:35+00:00","mainEntityOfPage":{"@id":"https:\/\/www.profumeriacauli.com\/blog\/creed-aventus-uomo-profumo-dallanimo-deciso-virile\/"},"wordCount":563,"commentCount":0,"image":{"@id":"https:\/\/www.profumeriacauli.com\/blog\/creed-aventus-uomo-profumo-dallanimo-deciso-virile\/#primaryimage"},"thumbnailUrl":"https:\/\/www.profumeriacauli.com\/blog\/wp-content\/uploads\/2018\/11\/profumo-creed-aventus-uomo-1.jpg","articleSection":["Idee regalo lui e lei","Profumi da uomo"],"inLanguage":"it-IT","potentialAction":[{"@type":"CommentAction","name":"Comment","target":["https:\/\/www.profumeriacauli.com\/blog\/creed-aventus-uomo-profumo-dallanimo-deciso-virile\/#respond"]}]},{"@type":"WebPage","@id":"https:\/\/www.profumeriacauli.com\/blog\/creed-aventus-uomo-profumo-dallanimo-deciso-virile\/","url":"https:\/\/www.profumeriacauli.com\/blog\/creed-aventus-uomo-profumo-dallanimo-deciso-virile\/","name":"Creed Aventus Uomo: il profumo dall'animo deciso e virile","isPartOf":{"@id":"https:\/\/www.profumeriacauli.com\/blog\/#website"},"primaryImageOfPage":{"@id":"https:\/\/www.profumeriacauli.com\/blog\/creed-aventus-uomo-profumo-dallanimo-deciso-virile\/#primaryimage"},"image":{"@id":"https:\/\/www.profumeriacauli.com\/blog\/creed-aventus-uomo-profumo-dallanimo-deciso-virile\/#primaryimage"},"thumbnailUrl":"https:\/\/www.profumeriacauli.com\/blog\/wp-content\/uploads\/2018\/11\/profumo-creed-aventus-uomo-1.jpg","datePublished":"2018-11-14T08:00:41+00:00","dateModified":"2021-12-16T12:15:35+00:00","author":{"@id":"https:\/\/www.profumeriacauli.com\/blog\/#\/schema\/person\/3c06cf8107f54bb450ba5414f9221cb8"},"description":"Creed Aventus Uomo \u00e8 il profumo maschile pensato per un uomo deciso e sicuro di s\u00e8. Ami le fragranze artistiche? Scopri questo famoso profumo da uomo!","breadcrumb":{"@id":"https:\/\/www.profumeriacauli.com\/blog\/creed-aventus-uomo-profumo-dallanimo-deciso-virile\/#breadcrumb"},"inLanguage":"it-IT","potentialAction":[{"@type":"ReadAction","target":["https:\/\/www.profumeriacauli.com\/blog\/creed-aventus-uomo-profumo-dallanimo-deciso-virile\/"]}]},{"@type":"ImageObject","inLanguage":"it-IT","@id":"https:\/\/www.profumeriacauli.com\/blog\/creed-aventus-uomo-profumo-dallanimo-deciso-virile\/#primaryimage","url":"https:\/\/www.profumeriacauli.com\/blog\/wp-content\/uploads\/2018\/11\/profumo-creed-aventus-uomo-1.jpg","contentUrl":"https:\/\/www.profumeriacauli.com\/blog\/wp-content\/uploads\/2018\/11\/profumo-creed-aventus-uomo-1.jpg","width":635,"height":306,"caption":"profumo creed aventus uomo"},{"@type":"BreadcrumbList","@id":"https:\/\/www.profumeriacauli.com\/blog\/creed-aventus-uomo-profumo-dallanimo-deciso-virile\/#breadcrumb","itemListElement":[{"@type":"ListItem","position":1,"name":"Home","item":"https:\/\/www.profumeriacauli.com\/blog\/"},{"@type":"ListItem","position":2,"name":"Creed Aventus Uomo: il profumo dall&#8217;animo deciso e virile"}]},{"@type":"WebSite","@id":"https:\/\/www.profumeriacauli.com\/blog\/#website","url":"https:\/\/www.profumeriacauli.com\/blog\/","name":"Profumeria Cauli","description":"Blog su profumi di nicchia e profumeria di lusso","potentialAction":[{"@type":"SearchAction","target":{"@type":"EntryPoint","urlTemplate":"https:\/\/www.profumeriacauli.com\/blog\/?s={search_term_string}"},"query-input":{"@type":"PropertyValueSpecification","valueRequired":true,"valueName":"search_term_string"}}],"inLanguage":"it-IT"},{"@type":"Person","@id":"https:\/\/www.profumeriacauli.com\/blog\/#\/schema\/person\/3c06cf8107f54bb450ba5414f9221cb8","name":"Profumeria Cauli","image":{"@type":"ImageObject","inLanguage":"it-IT","@id":"https:\/\/secure.gravatar.com\/avatar\/ffba339d2ed0c9f057bcd11bcbaf7c6aac4c267e20e792b0f219a4a9d7c59caa?s=96&d=mm&r=g","url":"https:\/\/secure.gravatar.com\/avatar\/ffba339d2ed0c9f057bcd11bcbaf7c6aac4c267e20e792b0f219a4a9d7c59caa?s=96&d=mm&r=g","contentUrl":"https:\/\/secure.gravatar.com\/avatar\/ffba339d2ed0c9f057bcd11bcbaf7c6aac4c267e20e792b0f219a4a9d7c59caa?s=96&d=mm&r=g","caption":"Profumeria Cauli"},"url":"https:\/\/www.profumeriacauli.com\/blog\/author\/profumeriacauli\/"}]}},"_links":{"self":[{"href":"https:\/\/www.profumeriacauli.com\/blog\/wp-json\/wp\/v2\/posts\/2005","targetHints":{"allow":["GET"]}}],"collection":[{"href":"https:\/\/www.profumeriacauli.com\/blog\/wp-json\/wp\/v2\/posts"}],"about":[{"href":"https:\/\/www.profumeriacauli.com\/blog\/wp-json\/wp\/v2\/types\/post"}],"author":[{"embeddable":true,"href":"https:\/\/www.profumeriacauli.com\/blog\/wp-json\/wp\/v2\/users\/4"}],"replies":[{"embeddable":true,"href":"https:\/\/www.profumeriacauli.com\/blog\/wp-json\/wp\/v2\/comments?post=2005"}],"version-history":[{"count":16,"href":"https:\/\/www.profumeriacauli.com\/blog\/wp-json\/wp\/v2\/posts\/2005\/revisions"}],"predecessor-version":[{"id":4251,"href":"https:\/\/www.profumeriacauli.com\/blog\/wp-json\/wp\/v2\/posts\/2005\/revisions\/4251"}],"wp:featuredmedia":[{"embeddable":true,"href":"https:\/\/www.profumeriacauli.com\/blog\/wp-json\/wp\/v2\/media\/2012"}],"wp:attachment":[{"href":"https:\/\/www.profumeriacauli.com\/blog\/wp-json\/wp\/v2\/media?parent=2005"}],"wp:term":[{"taxonomy":"category","embeddable":true,"href":"https:\/\/www.profumeriacauli.com\/blog\/wp-json\/wp\/v2\/categories?post=2005"},{"taxonomy":"post_tag","embeddable":true,"href":"https:\/\/www.profumeriacauli.com\/blog\/wp-json\/wp\/v2\/tags?post=2005"}],"curies":[{"name":"wp","href":"https:\/\/api.w.org\/{rel}","templated":true}]}}